{"id":461095,"date":"2025-09-30T03:18:19","date_gmt":"2025-09-30T03:18:19","guid":{"rendered":"https:\/\/www.europesays.com\/de\/461095\/"},"modified":"2025-09-30T03:18:19","modified_gmt":"2025-09-30T03:18:19","slug":"vermisste-person-aus-eckardtsheim-verstorben-aufgefunden","status":"publish","type":"post","link":"https:\/\/www.europesays.com\/de\/461095\/","title":{"rendered":"Vermisste Person aus Eckardtsheim verstorben aufgefunden."},"content":{"rendered":"<p id=\"absatz1\" class=\"em_text\">Bielefeld (ots) &#8211; <br \/>(MS) Am Sonntag, 28.09.2025, bat die Polizei die \u00d6ffentlichkeit um Mithilfe bei der Suche nach einer vermissten Person.<\/p>\n<p id=\"absatz2\" class=\"em_text\">Am Montagabend fanden Suchkr\u00e4fte der Johanniter- Rettungshundestaffeln in einem Waldst\u00fcck in Eckhardtsheim eine m\u00e4nnliche, verstorbene Person. Nach ersten Ermittlungen handelt es sich dabei um den seit Sonntag vermissten 62-j\u00e4hrigen. Nach derzeitigem Stand liegen keine Hinweise auf ein Fremdverschulden vor.<\/p>\n<p id=\"absatz4\" class=\"em_text\">Die Polizei bedankt sich f\u00fcr die Mithilfe bei der Suche nach der Vermissten. Es wird darum gebeten, ihr ver\u00f6ffentlichtes Foto und personenbezogene Daten zu l\u00f6schen.<\/p>\n<p id=\"absatz5\" class=\"em_text\">Erste Meldung vom 10.09.2025, 12:00 Uhr: www.<a href=\"https:\/\/www.presseportal.de\/blaulicht\/pm\/12522\/6126882\" target=\"_blank\" rel=\"nofollow noopener\">https:\/\/www.presseportal.de\/blaulicht\/pm\/12522\/6126882<\/a><\/p>\n<p id=\"absatz6\" class=\"em_text\">Quelle: <a href=\"https:\/\/www.presseportal.de\/blaulicht\/pm\/12522\/6127975\" rel=\"nofollow noopener\" target=\"_blank\">https:\/\/www.presseportal.de\/blaulicht\/pm\/12522\/6127975<\/a> <\/p>\n","protected":false},"excerpt":{"rendered":"Bielefeld (ots) &#8211; (MS) Am Sonntag, 28.09.2025, bat die Polizei die \u00d6ffentlichkeit um Mithilfe bei der Suche nach&hellip;\n","protected":false},"author":2,"featured_media":364649,"comment_status":"","ping_status":"","sticky":false,"template":"","format":"standard","meta":{"footnotes":"","_share_on_mastodon":"0"},"categories":[1841],"tags":[1605,3364,29,67984,118253,30,177,1209,176,121,92239,20035,118252],"class_list":["post-461095","post","type-post","status-publish","format-standard","has-post-thumbnail","category-bielefeld","tag-bielefeld","tag-de","tag-deutschland","tag-eckardtsheim","tag-eckhardtsheim","tag-germany","tag-kriminalitt","tag-nordrhein-westfalen","tag-nrw","tag-polizei","tag-rettungshundestaffel","tag-serie_polizeibericht","tag-suchkraft"],"share_on_mastodon":{"url":"https:\/\/pubeurope.com\/@de\/115291088725241141","error":""},"_links":{"self":[{"href":"https:\/\/www.europesays.com\/de\/wp-json\/wp\/v2\/posts\/461095","targetHints":{"allow":["GET"]}}],"collection":[{"href":"https:\/\/www.europesays.com\/de\/wp-json\/wp\/v2\/posts"}],"about":[{"href":"https:\/\/www.europesays.com\/de\/wp-json\/wp\/v2\/types\/post"}],"author":[{"embeddable":true,"href":"https:\/\/www.europesays.com\/de\/wp-json\/wp\/v2\/users\/2"}],"replies":[{"embeddable":true,"href":"https:\/\/www.europesays.com\/de\/wp-json\/wp\/v2\/comments?post=461095"}],"version-history":[{"count":0,"href":"https:\/\/www.europesays.com\/de\/wp-json\/wp\/v2\/posts\/461095\/revisions"}],"wp:featuredmedia":[{"embeddable":true,"href":"https:\/\/www.europesays.com\/de\/wp-json\/wp\/v2\/media\/364649"}],"wp:attachment":[{"href":"https:\/\/www.europesays.com\/de\/wp-json\/wp\/v2\/media?parent=461095"}],"wp:term":[{"taxonomy":"category","embeddable":true,"href":"https:\/\/www.europesays.com\/de\/wp-json\/wp\/v2\/categories?post=461095"},{"taxonomy":"post_tag","embeddable":true,"href":"https:\/\/www.europesays.com\/de\/wp-json\/wp\/v2\/tags?post=461095"}],"curies":[{"name":"wp","href":"https:\/\/api.w.org\/{rel}","templated":true}]}}