{"id":461151,"date":"2025-09-30T03:51:11","date_gmt":"2025-09-30T03:51:11","guid":{"rendered":"https:\/\/www.europesays.com\/de\/461151\/"},"modified":"2025-09-30T03:51:11","modified_gmt":"2025-09-30T03:51:11","slug":"neusser-steht-wegen-versuchten-mordes-vor-gericht","status":"publish","type":"post","link":"https:\/\/www.europesays.com\/de\/461151\/","title":{"rendered":"Neusser steht wegen versuchten Mordes vor Gericht"},"content":{"rendered":"<p class=\"text_ohne_einzug richtext text-em-55 !leading-serif mx-6 desktop:mx-0\">Ein Neusser soll Kleidungsst\u00fccke in seiner Wohnung im Erdgeschoss angez\u00fcndet und anschlie\u00dfend das Haus verlassen haben. Der 26-J\u00e4hrige muss sich deshalb wegen versuchten Mordes und schwerer Brandstiftung vor dem D\u00fcsseldorfer Landgericht verantworten. <\/p>\n<p class=\"richtext text-em-55 !leading-serif mx-6 desktop:mx-0\">Der Angeklagte habe damit nicht nur seine eigene Wohnung anz\u00fcnden wollen, wie das Landgericht mitteilt. Vielmehr habe der Neusser damit gerechnet, dass das Feuer auf andere Wohnungen \u00fcbergreifen w\u00fcrde. So befanden sich auch \u201ezahlreiche, \u00fcbereinandergestapelte Matratzen\u201c in unmittelbarer N\u00e4he des Brandherdes. Doch zu einem gr\u00f6\u00dferen Feuer ist es nicht gekommen. Eine andere Bewohnerin entdeckte den Brand und alarmierte die Feuerwehr, die das Feuer l\u00f6schen und Schlimmeres verhindern konnte. Zugetragen hatte sich der Vorfall an einem Februar-Mittag dieses Jahres.<\/p>\n<p class=\"richtext text-em-55 !leading-serif mx-6 desktop:mx-0\">\u201eEr soll dabei zumindest billigend in Kauf genommen haben, dass die \u00fcbrigen 23 Bewohner des Hauses durch das Brandgeschehen in Gefahr geraten und sterben w\u00fcrden\u201c, hei\u00dft es weiter. Der Prozess findet am 10. Oktober vor dem D\u00fcsseldorfer Landgericht statt. Es ist ein Verhandlungstag angesetzt.<\/p>\n","protected":false},"excerpt":{"rendered":"Ein Neusser soll Kleidungsst\u00fccke in seiner Wohnung im Erdgeschoss angez\u00fcndet und anschlie\u00dfend das Haus verlassen haben. Der 26-J\u00e4hrige&hellip;\n","protected":false},"author":2,"featured_media":461152,"comment_status":"","ping_status":"","sticky":false,"template":"","format":"standard","meta":{"footnotes":""},"categories":[1831],"tags":[3364,29,3405,3679,2690,30,4933,2183,14718,1209,3238,81480,76748],"class_list":{"0":"post-461151","1":"post","2":"type-post","3":"status-publish","4":"format-standard","5":"has-post-thumbnail","7":"category-duesseldorf","8":"tag-de","9":"tag-deutschland","10":"tag-duesseldorf","11":"tag-duesseldorfer","12":"tag-gericht","13":"tag-germany","14":"tag-landgericht","15":"tag-mord","16":"tag-neusser","17":"tag-nordrhein-westfalen","18":"tag-prozessauftakt","19":"tag-verantworten","20":"tag-versuchten"},"share_on_mastodon":{"url":"https:\/\/pubeurope.com\/@de\/115291218513642536","error":""},"_links":{"self":[{"href":"https:\/\/www.europesays.com\/de\/wp-json\/wp\/v2\/posts\/461151","targetHints":{"allow":["GET"]}}],"collection":[{"href":"https:\/\/www.europesays.com\/de\/wp-json\/wp\/v2\/posts"}],"about":[{"href":"https:\/\/www.europesays.com\/de\/wp-json\/wp\/v2\/types\/post"}],"author":[{"embeddable":true,"href":"https:\/\/www.europesays.com\/de\/wp-json\/wp\/v2\/users\/2"}],"replies":[{"embeddable":true,"href":"https:\/\/www.europesays.com\/de\/wp-json\/wp\/v2\/comments?post=461151"}],"version-history":[{"count":0,"href":"https:\/\/www.europesays.com\/de\/wp-json\/wp\/v2\/posts\/461151\/revisions"}],"wp:featuredmedia":[{"embeddable":true,"href":"https:\/\/www.europesays.com\/de\/wp-json\/wp\/v2\/media\/461152"}],"wp:attachment":[{"href":"https:\/\/www.europesays.com\/de\/wp-json\/wp\/v2\/media?parent=461151"}],"wp:term":[{"taxonomy":"category","embeddable":true,"href":"https:\/\/www.europesays.com\/de\/wp-json\/wp\/v2\/categories?post=461151"},{"taxonomy":"post_tag","embeddable":true,"href":"https:\/\/www.europesays.com\/de\/wp-json\/wp\/v2\/tags?post=461151"}],"curies":[{"name":"wp","href":"https:\/\/api.w.org\/{rel}","templated":true}]}}