{"id":461170,"date":"2025-09-30T04:02:16","date_gmt":"2025-09-30T04:02:16","guid":{"rendered":"https:\/\/www.europesays.com\/de\/461170\/"},"modified":"2025-09-30T04:02:16","modified_gmt":"2025-09-30T04:02:16","slug":"sommerbilanz-des-adac-mehr-staus-auf-hamburgs-autobahnen","status":"publish","type":"post","link":"https:\/\/www.europesays.com\/de\/461170\/","title":{"rendered":"Sommerbilanz des ADAC: Mehr Staus auf Hamburgs Autobahnen"},"content":{"rendered":"<p>        <img decoding=\"async\" src=\"https:\/\/www.europesays.com\/de\/wp-content\/uploads\/2025\/09\/stau-250.webp\" alt=\"Viele Autos im Stau auf der Autobahn 1 in Hamburg.\" title=\"Viele Autos im Stau auf der Autobahn 1 in Hamburg. | picture alliance\/dpa\/Christian Charisius\" class=\"responsive\"\/><\/p>\n<p>AUDIO: ADAC legt Sommerstau-Bilanz f\u00fcr Hamburg vor (1 Min)<\/p>\n<p>\n            Stand: 30.09.2025 05:58 Uhr<\/p>\n<p class=\"preface\">Autofahrerinnen und Autofahrer haben in den Sommerferien auf Hamburgs Autobahnen in diesem Jahr durch Stau rund 37 Prozent mehr Zeit verloren als noch 2024. Das ergab eine Auswertung des ADAC Hansa. <\/p>\n<p class=\"\">Hamburgs Autobahnen waren in den Sommerferien deutlich voller als im gleichen Vorjahreszeitraum: W\u00e4hrend 2024 die Autofahrerinnen und Autofahrer 168.782 Minuten im Stau standen, erh\u00f6hte sich die Zahl laut ADAC in diesem Jahr auf 231.734 Minuten. Das ist eine Zunahme um 37 Prozent.<\/p>\n<p class=\"\">Auch im Vergleich mit anderen norddeutschen Bundesl\u00e4ndern schneidet Hamburg schlecht ab. In Schleswig-Holstein gab es ein Plus von 19 Prozent und in Niedersachsen von 13 Prozent. Verglichen wurden jeweils die Daten von Navigationsger\u00e4ten in den Sommerschulferien 2024 und 2025.<\/p>\n<p>    Marode Norderelbbr\u00fccke sorgt f\u00fcr mehr Staus auf A1<\/p>\n<p class=\"\">Die Zunahme bei den Staus in Hamburg liegt vor allem an der Autobahn 1. ADAC-Sprecher Christof Tietgen sagte NDR 90,3: &#8222;Der Grund ist die marode Norderelbbr\u00fccke. Diese darf ja nur noch mit Tempo 60 befahren werden. Zudem m\u00fcssen die Lkw einen gr\u00f6\u00dferen Abstand halten. Beides sorgt f\u00fcr richtig gro\u00dfe Verkehrsprobleme.&#8220;<\/p>\n<p class=\"\">Das Sorgenkind A7 wurde durch die A1 abgel\u00f6st. &#8222;Auf der A7 gab es mit 453 Staus sogar etwas weniger Stillstand als im Vorjahr&#8220;, so Tietgen.<\/p>\n<p>    L\u00e4ngste Sommerstaus: 23 Kilometer auf der A1<\/p>\n<p class=\"\">Die l\u00e4ngsten Sommerstaus verzeichnete der ADAC am 3. und am 22. August auf der A1 mit jeweils 23 Kilometern. Und Besserung ist dort noch nicht in Sicht. Der Neubau der Norderelbbr\u00fccke soll im kommenden Jahr beginnen und acht Jahre dauern.<\/p>\n<p>        <img decoding=\"async\" src=\"https:\/\/www.europesays.com\/de\/wp-content\/uploads\/2025\/08\/1755468146_284_stau233.webp\" alt=\"Stau vor dem Elbtunnel in Hamburg\" title=\"Stau vor dem Elbtunnel in Hamburg | picture alliance \/ dpa, Bodo Marks\" class=\"responsive\" loading=\"lazy\"\/><\/p>\n<p>Staus, Baustellen, Gefahrenhinweise und Behinderungen auf den Stra\u00dfen &#8211; die aktuelle Verkehrslage in und um Hamburg.<\/p>\n","protected":false},"excerpt":{"rendered":"AUDIO: ADAC legt Sommerstau-Bilanz f\u00fcr Hamburg vor (1 Min) Stand: 30.09.2025 05:58 Uhr Autofahrerinnen und Autofahrer haben in&hellip;\n","protected":false},"author":2,"featured_media":461171,"comment_status":"","ping_status":"","sticky":false,"template":"","format":"standard","meta":{"footnotes":""},"categories":[1826],"tags":[29,30,692,634],"class_list":{"0":"post-461170","1":"post","2":"type-post","3":"status-publish","4":"format-standard","5":"has-post-thumbnail","7":"category-hamburg","8":"tag-deutschland","9":"tag-germany","10":"tag-hamburg","11":"tag-strassenverkehr"},"share_on_mastodon":{"url":"https:\/\/pubeurope.com\/@de\/115291262360739718","error":""},"_links":{"self":[{"href":"https:\/\/www.europesays.com\/de\/wp-json\/wp\/v2\/posts\/461170","targetHints":{"allow":["GET"]}}],"collection":[{"href":"https:\/\/www.europesays.com\/de\/wp-json\/wp\/v2\/posts"}],"about":[{"href":"https:\/\/www.europesays.com\/de\/wp-json\/wp\/v2\/types\/post"}],"author":[{"embeddable":true,"href":"https:\/\/www.europesays.com\/de\/wp-json\/wp\/v2\/users\/2"}],"replies":[{"embeddable":true,"href":"https:\/\/www.europesays.com\/de\/wp-json\/wp\/v2\/comments?post=461170"}],"version-history":[{"count":0,"href":"https:\/\/www.europesays.com\/de\/wp-json\/wp\/v2\/posts\/461170\/revisions"}],"wp:featuredmedia":[{"embeddable":true,"href":"https:\/\/www.europesays.com\/de\/wp-json\/wp\/v2\/media\/461171"}],"wp:attachment":[{"href":"https:\/\/www.europesays.com\/de\/wp-json\/wp\/v2\/media?parent=461170"}],"wp:term":[{"taxonomy":"category","embeddable":true,"href":"https:\/\/www.europesays.com\/de\/wp-json\/wp\/v2\/categories?post=461170"},{"taxonomy":"post_tag","embeddable":true,"href":"https:\/\/www.europesays.com\/de\/wp-json\/wp\/v2\/tags?post=461170"}],"curies":[{"name":"wp","href":"https:\/\/api.w.org\/{rel}","templated":true}]}}