{"id":461299,"date":"2025-09-30T05:13:14","date_gmt":"2025-09-30T05:13:14","guid":{"rendered":"https:\/\/www.europesays.com\/de\/461299\/"},"modified":"2025-09-30T05:13:14","modified_gmt":"2025-09-30T05:13:14","slug":"galerie-schlichtenmaier-in-grafenau-wie-marie-louise-von-rogister-die-digitale-kunst-vorwegnahm","status":"publish","type":"post","link":"https:\/\/www.europesays.com\/de\/461299\/","title":{"rendered":"Galerie Schlichtenmaier in Grafenau: Wie Marie-Louise von Rogister die digitale Kunst vorwegnahm"},"content":{"rendered":"<p>\t\t\t\t\t\t\t\t\t\t\t\t\t\t\t\t\t\t\t\t\t\t\t\t\t\t\t\t      \t\t            \t\t             \t\t\t\t   \t\t\t\t\t   <img decoding=\"async\" id=\"article-image\" fetchpriority=\"high\" alt=\"Galerie Schlichtenmaier in Grafenau: Wie Marie-Louise von Rogister die digitale Kunst vorwegnahm\" title=\"Galerie Schlichtenmaier in Grafenau: Wie Marie-Louise von Rogister die digitale Kunst vorwegnahm\" src=\"https:\/\/www.europesays.com\/de\/wp-content\/uploads\/2025\/09\/media.media.097a835d-6514-4173-b1a4-68d0bf111d11.16x9_700.jpg\" data-linkto=\"https:\/\/www.stuttgarter-nachrichten.de\/javascript:void(0);\"\/>\t\t\t\t\t\t\t\t\t\t\t\t\t\t\t\t\t\t\t\t\t\t\t\tMarie-Louise von Rogister, Im Geflecht, 1959\u00a0Foto: \u00a9 Marie-Louise von Rogister \/ VG Bild-Kunst, Bonn\t\t\t<\/p>\n<p>Spielten K\u00fcnstlerinnen in der westdeutschen Kunst der 1950er Jahre nur eine Nebenrolle? Mit Marie-Louise von Rogister h\u00e4lt die Galerie Schlichtenmaier dagegen.<\/p>\n<p>1948 gr\u00fcndet sich in Recklinghausen die Gruppe \u201eJunger Westen\u201c. Heute noch klangvolle Namen wie Emil Schumacher, HAP Grieshaber, Hann Trier und Fritz Winter ist auch Marie-Louise von Rogister dabei \u2013 mit einer ganz eigenen Bildwelt in einer um die Entformelung der Bildwelt ringenden Zeit. In den R\u00e4umen der Galerie Schlichtenmaier im Schloss D\u00e4tzingen (Grafenau) ist diese Bildwelt jetzt neu zu entdecken. <\/p>\n<p>  <img decoding=\"async\" loading=\"lazy\" src=\"https:\/\/www.europesays.com\/de\/wp-content\/uploads\/2025\/09\/media.media.c6f0cc17-0f01-407c-bb88-6aab60204697.original1024.media.jpeg\"\/>     Marie-Louise von Rogister, Horizonte St\u00f6rung, 1970 (Ausschnitt)    Foto: \u00a9 Marie-Louise von Rogister \/ VG Bild-Kunst, Bonn    <\/p>\n<p>In Kooperation mit dem Nachlass der 1899 geborenen und 1991 gestorbenen K\u00fcnstlerin erarbeitet, r\u00fcckt die <a href=\"https:\/\/www.stuttgarter-nachrichten.de\/thema\/Ausstellung\" title=\"Ausstellung\" class=\"art_thema\" rel=\"nofollow noopener\" target=\"_blank\">Ausstellung<\/a> Werke der 1950er und fr\u00fchen 1960er Jahre in den Blick, zeigt in zwei Zeitspr\u00fcngen aber \u00fcber Bilder von 1970 und von 1990 eine verbl\u00fcffende Stringenz: Marie-Louise von Rogister nimmt die mit digitalen Mitteln entstehende Malerei unserer Tage vorweg. <\/p>\n<p>Marie-Louise von Rogister nimmt die Malerei mit digitalen Mitteln vorweg <\/p>\n<p> Sp\u00e4testens mit dem Bild \u201eIm Geflecht\u201c von 1959, als aus einem aus Ver\u00e4stelungen gebildeten Tiefenraum ein blaues Leuchten hervortritt, fegt die Malerin alles Gebaute der Nachkriegs-Abstraktion hinweg. Fast scheint es, als erfinde sich Marie-Louise von Rogister ein zweites Mal neu, nachdem sie schon mit 20 eine Scheidung hinter sich bringt, in ihrem Zimmer die Tapete herunterrei\u00dft, um direkt auf die W\u00e4nde zu zeichnen und zu malen. <\/p>\n<p>Ebenfalls 1959 entsteht das Bild \u201eAufbau in Grau\u201c. Also doch wieder ein nachpr\u00fcfbares, wohl ausgewogenes Konstrukt? Anderes ist wichtig \u2013 der Sog, der im Bild entsteht, das gleichzeitige Hervortreten und Zur\u00fcckspringen. <a href=\"https:\/\/www.schlichtenmaier.de\/logicio\/client\/schlichtenmaier\/archive\/document\/2025\/schichtenmaier_rogister_schloss_2025.pdf\" target=\"_blank\" rel=\"nofollow noopener\">Schlichtenmaier-Mitlenker G\u00fcnter Baumann<\/a> bringt das \u201eAndere\u201c dieser Werke auf den Punkt, wenn er f\u00fcr Marie-Louise von Rogisters Arbeiten von einer \u201eVerflechtung ins Leben\u201c spricht. Dazu geh\u00f6rt auch, dass die technologischen Spr\u00fcnge jener Zeit eigene Geflechte provozieren \u2013 Bilder, die wie \u201eIm Geflecht, 18. VIII. 59\u201c aus unserem Bildwissen heraus dem der Logik k\u00fcnstlicher Realit\u00e4ten folgenden Inneren eines verlassenen Raumschiffes \u00e4hneln. In einem Zeitsprung geht es von hier aus hinein in die zuvor verlassene digitale Landschaft. Gerade 24 Zentimeter hoch und 18 Zentimeter breit, schl\u00e4gt \u201eHorizonte St\u00f6rung\u201c von 1970 doch mitten in die aktuellen Debatten um eine von<a href=\"https:\/\/www.reinhardhauff.de\/artists\/artist-detail\/tim-berresheim-119\" target=\"_blank\" rel=\"nofollow noopener\"> Tim Berresheim<\/a> angef\u00fchrte Malerei mit digitalen Mitteln. Marie-Louise von Rogister? Wird mit dieser Ausstellung zur\u00fcck ins Scheinwerferlicht katapultiert \u2013 zu Recht. <\/p>\n<p>Gut zu wissen <\/p>\n<p class=\"infobox\"> <strong>Wo?<\/strong><br \/>Die Schau zu Marie-Louise von Rogister zeigt die Galerie Schlichtenmaier an ihrem Stammsitz in Grafenau (Schloss D\u00e4tzingen). <\/p>\n<p class=\"infobox\"> <strong>Wann?<\/strong><br \/>Die Ausstellung \u201eMarie-Louise von Rogister \u2013 Im Geflecht\u201c ist bis zum 8. November zu sehen \u2013 Mittwoch bis Freitag von 11 bis 18.30 Uhr sowie Samstag von 11 bis 16 Uhr. <\/p>\n","protected":false},"excerpt":{"rendered":"Marie-Louise von Rogister, Im Geflecht, 1959\u00a0Foto: \u00a9 Marie-Louise von Rogister \/ VG Bild-Kunst, Bonn Spielten K\u00fcnstlerinnen in der&hellip;\n","protected":false},"author":2,"featured_media":461300,"comment_status":"","ping_status":"","sticky":false,"template":"","format":"standard","meta":{"footnotes":""},"categories":[1830],"tags":[2076,1634,3364,29,39530,30,6597,80,118293,1441],"class_list":{"0":"post-461299","1":"post","2":"type-post","3":"status-publish","4":"format-standard","5":"has-post-thumbnail","7":"category-stuttgart","8":"tag-ausstellung","9":"tag-baden-wuerttemberg","10":"tag-de","11":"tag-deutschland","12":"tag-galerie-schlichtenmaier","13":"tag-germany","14":"tag-infografik","15":"tag-kultur","16":"tag-marie-louise-von-rogister","17":"tag-stuttgart"},"share_on_mastodon":{"url":"https:\/\/pubeurope.com\/@de\/115291541716999946","error":""},"_links":{"self":[{"href":"https:\/\/www.europesays.com\/de\/wp-json\/wp\/v2\/posts\/461299","targetHints":{"allow":["GET"]}}],"collection":[{"href":"https:\/\/www.europesays.com\/de\/wp-json\/wp\/v2\/posts"}],"about":[{"href":"https:\/\/www.europesays.com\/de\/wp-json\/wp\/v2\/types\/post"}],"author":[{"embeddable":true,"href":"https:\/\/www.europesays.com\/de\/wp-json\/wp\/v2\/users\/2"}],"replies":[{"embeddable":true,"href":"https:\/\/www.europesays.com\/de\/wp-json\/wp\/v2\/comments?post=461299"}],"version-history":[{"count":0,"href":"https:\/\/www.europesays.com\/de\/wp-json\/wp\/v2\/posts\/461299\/revisions"}],"wp:featuredmedia":[{"embeddable":true,"href":"https:\/\/www.europesays.com\/de\/wp-json\/wp\/v2\/media\/461300"}],"wp:attachment":[{"href":"https:\/\/www.europesays.com\/de\/wp-json\/wp\/v2\/media?parent=461299"}],"wp:term":[{"taxonomy":"category","embeddable":true,"href":"https:\/\/www.europesays.com\/de\/wp-json\/wp\/v2\/categories?post=461299"},{"taxonomy":"post_tag","embeddable":true,"href":"https:\/\/www.europesays.com\/de\/wp-json\/wp\/v2\/tags?post=461299"}],"curies":[{"name":"wp","href":"https:\/\/api.w.org\/{rel}","templated":true}]}}