{"id":461662,"date":"2025-09-30T08:34:18","date_gmt":"2025-09-30T08:34:18","guid":{"rendered":"https:\/\/www.europesays.com\/de\/461662\/"},"modified":"2025-09-30T08:34:18","modified_gmt":"2025-09-30T08:34:18","slug":"dgb-altersdiskriminierung-bekaempfen-ludwigshafen","status":"publish","type":"post","link":"https:\/\/www.europesays.com\/de\/461662\/","title":{"rendered":"DGB: Altersdiskriminierung bek\u00e4mpfen &#8211; Ludwigshafen"},"content":{"rendered":"<p><b\/>\u201e\u00c4ltere Menschen sind mit all ihrer Erfahrung und ihrem Wissen eine Bereicherung und st\u00e4rken mit ihrem vielf\u00e4ltigen Engagement unser gesellschaftliches Zusammenleben.\u201c Das sagt  Anja Piel, Mitglied des Bundesvorstands des <a class=\"rtr-entity\" data-rtr-entity=\"DGB\" data-rtr-id=\"733be82e56c3c827aff1b94a403c749fea8cf262\" data-rtr-score=\"185.26130961918494\" data-rtr-etype=\"organisation\" data-rtr-index=\"0\" href=\"https:\/\/www.rheinpfalz.de\/themen\/dgb?utm_source=rheinpfalz.de&amp;utm_medium=tms&amp;utm_campaign=intext\" rel=\"nofollow noopener\" target=\"_blank\">Deutschen Gewerkschaftsbunds<\/a> (DGB), anl\u00e4sslich des Tags der \u00c4lteren am 1. Oktober. \u201eDaf\u00fcr verdienen sie Anerkennung und Respekt.\u201c Doch noch immer w\u00fcrden Menschen allein aufgrund ihres Alters zahlreiche Benachteiligungen erfahren \u2013 im Arbeitsleben, im Ehrenamt, im Nahverkehr  oder bei der Kreditvergabe. \u201eDaher unterstreichen wir als DGB-Stadtverband <a class=\"rtr-entity\" data-rtr-entity=\"Ludwigshafen\" data-rtr-id=\"26b4406521e36b503c690e53e1b9dec3bdb26dfe\" data-rtr-score=\"17.763713080168774\" data-rtr-etype=\"location\" data-rtr-index=\"3\" href=\"https:\/\/www.rheinpfalz.de\/lokal\/ludwigshafen.html?utm_source=rheinpfalz.de&amp;utm_medium=tms&amp;utm_campaign=intext\" rel=\"nofollow noopener\" target=\"_blank\">Ludwigshafen<\/a> zum Tag der \u00c4lteren die Forderung, dass Alter als Diskriminierungsgrund in Artikel 3 des Grundgesetzes aufgenommen werden muss. Zudem braucht es einen nationalen Aktionsplan gegen Diskriminierung\u201c, sagt Beatrice Wiesner als Gewerkschaftssekret\u00e4rin der DGB-Region Pfalz. Dass der Ludwigshafener Stadtrat nun beschlossen habe,  dem \u201eGlobalen Netzwerk der Weltgesundheitsorganisation (WHO) f\u00fcr altersfreundliche St\u00e4dte und Kommunen\u201c beizutreten, begr\u00fc\u00dfe der DGB  ausdr\u00fccklich. \u201eUnsere Stadt soll ein Ort sein, an dem Menschen jeden Alters gerne und gut leben k\u00f6nnen. Der Beitritt zum <a href=\"https:\/\/www.rheinpfalz.de\/lokal\/ludwigshafen_artikel,-ludwigshafen-wird-altersfreundlicher-beitritt-zum-who-netzwerk-_arid,5815981.html\" target=\"_blank\" class=\"external-link-new-window\" title=\"\" rel=\"nofollow noopener\">WHO-Netzwerk<\/a> ist  ein gutes Signal.\u201c<\/p>\n","protected":false},"excerpt":{"rendered":"\u201e\u00c4ltere Menschen sind mit all ihrer Erfahrung und ihrem Wissen eine Bereicherung und st\u00e4rken mit ihrem vielf\u00e4ltigen Engagement&hellip;\n","protected":false},"author":2,"featured_media":461663,"comment_status":"","ping_status":"","sticky":false,"template":"","format":"standard","meta":{"footnotes":""},"categories":[1845],"tags":[107153,1634,3364,29,619,548,663,3934,30,13,4060,25476,2096,14,15,12],"class_list":{"0":"post-461662","1":"post","2":"type-post","3":"status-publish","4":"format-standard","5":"has-post-thumbnail","7":"category-mannheim","8":"tag-anja-piel","9":"tag-baden-wuerttemberg","10":"tag-de","11":"tag-deutschland","12":"tag-dgb","13":"tag-eu","14":"tag-europa","15":"tag-europe","16":"tag-germany","17":"tag-headlines","18":"tag-lokal","19":"tag-ludwigshafen","20":"tag-mannheim","21":"tag-nachrichten","22":"tag-news","23":"tag-schlagzeilen"},"share_on_mastodon":{"url":"https:\/\/pubeurope.com\/@de\/115292331408875239","error":""},"_links":{"self":[{"href":"https:\/\/www.europesays.com\/de\/wp-json\/wp\/v2\/posts\/461662","targetHints":{"allow":["GET"]}}],"collection":[{"href":"https:\/\/www.europesays.com\/de\/wp-json\/wp\/v2\/posts"}],"about":[{"href":"https:\/\/www.europesays.com\/de\/wp-json\/wp\/v2\/types\/post"}],"author":[{"embeddable":true,"href":"https:\/\/www.europesays.com\/de\/wp-json\/wp\/v2\/users\/2"}],"replies":[{"embeddable":true,"href":"https:\/\/www.europesays.com\/de\/wp-json\/wp\/v2\/comments?post=461662"}],"version-history":[{"count":0,"href":"https:\/\/www.europesays.com\/de\/wp-json\/wp\/v2\/posts\/461662\/revisions"}],"wp:featuredmedia":[{"embeddable":true,"href":"https:\/\/www.europesays.com\/de\/wp-json\/wp\/v2\/media\/461663"}],"wp:attachment":[{"href":"https:\/\/www.europesays.com\/de\/wp-json\/wp\/v2\/media?parent=461662"}],"wp:term":[{"taxonomy":"category","embeddable":true,"href":"https:\/\/www.europesays.com\/de\/wp-json\/wp\/v2\/categories?post=461662"},{"taxonomy":"post_tag","embeddable":true,"href":"https:\/\/www.europesays.com\/de\/wp-json\/wp\/v2\/tags?post=461662"}],"curies":[{"name":"wp","href":"https:\/\/api.w.org\/{rel}","templated":true}]}}