{"id":461800,"date":"2025-09-30T09:51:13","date_gmt":"2025-09-30T09:51:13","guid":{"rendered":"https:\/\/www.europesays.com\/de\/461800\/"},"modified":"2025-09-30T09:51:13","modified_gmt":"2025-09-30T09:51:13","slug":"baustelle-in-der-helmstedter-strasse-fuehrt-zu-geschaeftsaufgabe","status":"publish","type":"post","link":"https:\/\/www.europesays.com\/de\/461800\/","title":{"rendered":"Baustelle in der Helmstedter Stra\u00dfe f\u00fchrt zu Gesch\u00e4ftsaufgabe"},"content":{"rendered":"<p>Baustelle vor der T\u00fcr <\/p>\n<p>Fachgesch\u00e4ft in Braunschweig schlie\u00dft Ende November<\/p>\n<p>30.09.2025 &#8211; 11:24 UhrLesedauer: 1 Min.<\/p>\n<p><a href=\"#focus-0\" class=\"transition-colors duration-200 block text-current relative\" data-sctrack=\"FocusGalleryImage.Reference\"><img fetchpriority=\"high\" data-testid=\"Opener.Image\" style=\"--lqipURL:url('https:\/\/images.t-online.de\/2025\/09\/N9U8F9ddtJRc\/0x153:4000x2250\/fit-in\/150x0\/filters:blur(25)\/frauenhaende-sammeln-die-kinderkleidung-in-kisten-women-s-hands-collect-children-s-clothes-into-boxes-the-concept-of-preparing-for-the-birth-of-a-child-or-donation-license-rf-copyright-xzoonar-com-olenaxrudox-23452510.jpg')\"   loading=\"eager\" src=\"https:\/\/www.europesays.com\/de\/wp-content\/uploads\/2025\/09\/frauenhaende-sammeln-die-kinderkleidung-in-kisten-women-s-hands-collect-children-s-clothes-into-boxe.jpeg\" alt=\"imago images 0821944724\" title=\"imago images 0821944724\" width=\"4000\" height=\"2250\" class=\"bg-[url:var(--lqipURL)] bg-cover bg-center flex h-full w-full max-w-full\" decoding=\"async\"\/><img style=\"--width:32;--height:32\" loading=\"lazy\" src=\"https:\/\/www.t-online.de\/s\/paper\/_next\/static\/media\/zoom-in.f7dae02f.svg\" alt=\"Vergr\u00f6\u00dfern des Bildes\" title=\"Vergr\u00f6\u00dfern des Bildes\" class=\"block h-[calc(var(--height)_\/_16_*_1rem)] w-[calc(var(--width)_\/_16_*_1rem)] max-w-none absolute bottom-8 right-8 rounded-4 bg-snow p-8\" decoding=\"async\"\/><\/a><\/p>\n<p>Kinderkleidung (Symbolbild): Ein Fachgesch\u00e4ft in Braunschweig schlie\u00dft sein Outlet. (Quelle: IMAGO\/Zoonar.com\/Olena Rudo\/imago)<\/p>\n<p class=\"font-bold text-18 leading-17\">Seit einigen Wochen wird ein zentraler Teil der Helmstedter Stra\u00dfe erneuert. Die Baustelle ist Grund f\u00fcr eine Ladenschlie\u00dfung.<\/p>\n<p class=\"text-18 leading-17\">Die Baustelle bleibt f\u00fcr ein Jahr, teilte die Stadt seinerzeit mit. Auf der Homepage des Ladens hei\u00dft es: Die Stra\u00dfe w\u00fcrde f\u00fcr mindestens ein Jahr gesperrt, alle Parkpl\u00e4tze fielen dauerhaft weg. Unter diesen Umst\u00e4nden k\u00f6nne man das Outlet nicht weiterf\u00fchren. Das mache das Gl\u00fcckskinder-Team sehr traurig, hei\u00dft es. Das Gesch\u00e4ft schlie\u00dfe zum 30. November.<\/p>\n<p class=\"text-18 leading-17\">So l\u00e4uft nun ein Baustellen-Rausverkauf, der bis in den November an einigen Wochenenden stattfindet. Das Gesch\u00e4ft im Magniviertel aber bleibe, hei\u00dft es auf der Internetseite. Das Outlet in der Helmstedter Stra\u00dfe gibt es \u00fcbrigens seit 2019.<\/p>\n<p class=\"text-18 leading-17\">W\u00e4hrend der Bauzeit, so hatte es die Stadt im Sommer mitgeteilt, bliebe die Strecke zwischen Steintorwall und Kastanienallee f\u00fcr den motorisierten Verkehr gesperrt. Nur Einsatzfahrzeuge d\u00fcrften passieren. Anwohner und Gewerbebetriebe seien weiter erreichbar \u2013 teilweise \u00fcber provisorische Gehwege. Die Stadt hatte in ihrer Mitteilung Anwohner und Verkehrsteilnehmer um Verst\u00e4ndnis gebeten.<\/p>\n<p class=\"text-18 leading-17\">Auch auf den \u00f6ffentlichen Nahverkehr hat die Baustelle Auswirkungen: So w\u00fcrde die Buslinie 413 laut Angaben der Braunschweiger Verkehrs-GmbH (BSVG) in beiden Fahrtrichtungen \u00fcber die Jasperallee umgeleitet.<\/p>\n","protected":false},"excerpt":{"rendered":"Baustelle vor der T\u00fcr Fachgesch\u00e4ft in Braunschweig schlie\u00dft Ende November 30.09.2025 &#8211; 11:24 UhrLesedauer: 1 Min. Kinderkleidung (Symbolbild):&hellip;\n","protected":false},"author":2,"featured_media":461801,"comment_status":"","ping_status":"","sticky":false,"template":"","format":"standard","meta":{"footnotes":""},"categories":[1850],"tags":[2461,6429,3364,29,548,663,3934,111459,30,13,69330,118399,118398,14355,14,15,1411,28871,12],"class_list":{"0":"post-461800","1":"post","2":"type-post","3":"status-publish","4":"format-standard","5":"has-post-thumbnail","7":"category-braunschweig","8":"tag-baustelle","9":"tag-braunschweig","10":"tag-de","11":"tag-deutschland","12":"tag-eu","13":"tag-europa","14":"tag-europe","15":"tag-fachgeschaeft","16":"tag-germany","17":"tag-headlines","18":"tag-helmstedter-strasse","19":"tag-kinderfachgeschaeft","20":"tag-kinderkleidung","21":"tag-ladenschliessung","22":"tag-nachrichten","23":"tag-news","24":"tag-niedersachsen","25":"tag-outlet","26":"tag-schlagzeilen"},"share_on_mastodon":{"url":"https:\/\/pubeurope.com\/@de\/115292634711570088","error":""},"_links":{"self":[{"href":"https:\/\/www.europesays.com\/de\/wp-json\/wp\/v2\/posts\/461800","targetHints":{"allow":["GET"]}}],"collection":[{"href":"https:\/\/www.europesays.com\/de\/wp-json\/wp\/v2\/posts"}],"about":[{"href":"https:\/\/www.europesays.com\/de\/wp-json\/wp\/v2\/types\/post"}],"author":[{"embeddable":true,"href":"https:\/\/www.europesays.com\/de\/wp-json\/wp\/v2\/users\/2"}],"replies":[{"embeddable":true,"href":"https:\/\/www.europesays.com\/de\/wp-json\/wp\/v2\/comments?post=461800"}],"version-history":[{"count":0,"href":"https:\/\/www.europesays.com\/de\/wp-json\/wp\/v2\/posts\/461800\/revisions"}],"wp:featuredmedia":[{"embeddable":true,"href":"https:\/\/www.europesays.com\/de\/wp-json\/wp\/v2\/media\/461801"}],"wp:attachment":[{"href":"https:\/\/www.europesays.com\/de\/wp-json\/wp\/v2\/media?parent=461800"}],"wp:term":[{"taxonomy":"category","embeddable":true,"href":"https:\/\/www.europesays.com\/de\/wp-json\/wp\/v2\/categories?post=461800"},{"taxonomy":"post_tag","embeddable":true,"href":"https:\/\/www.europesays.com\/de\/wp-json\/wp\/v2\/tags?post=461800"}],"curies":[{"name":"wp","href":"https:\/\/api.w.org\/{rel}","templated":true}]}}