{"id":46292,"date":"2025-04-20T07:04:10","date_gmt":"2025-04-20T07:04:10","guid":{"rendered":"https:\/\/www.europesays.com\/de\/46292\/"},"modified":"2025-04-20T07:04:10","modified_gmt":"2025-04-20T07:04:10","slug":"1-fc-union-berlin-gegen-vfb-stuttgart-in-alle-richtungen-ein-einmaliges-spiel-die-stimmen-zum-spektakel","status":"publish","type":"post","link":"https:\/\/www.europesays.com\/de\/46292\/","title":{"rendered":"1. FC Union Berlin gegen VfB Stuttgart: \u201eIn alle Richtungen ein einmaliges Spiel\u201c \u2013 Die Stimmen zum Spektakel"},"content":{"rendered":"<p>\t\t\t\t\t\t\t\t\t\t\t\t\t\t\t\t\t\t\t\t\t\t\t\t\t\t\t\t      \t\t            \t\t             \t\t\t\t   \t\t\t\t\t   <img decoding=\"async\" id=\"article-image\" fetchpriority=\"high\" alt=\"1. FC Union Berlin gegen VfB Stuttgart: \u201eIn alle Richtungen ein einmaliges Spiel\u201c \u2013 Die Stimmen zum Spektakel\" onclick=\"var pA=document.createElement('a');pA.setAttribute('href','https:\/\/www.stuttgarter-nachrichten.de\/gallery.1-fc-union-berlin-gegen-vfb-stuttgart-in-alle-richtungen-ein-einmaliges-spiel-die-stimmen-zum-spektakel.bd82e857-e865-4316-bb12-cb4b89c1bf42.html'),pA.click();\" title=\"1. FC Union Berlin gegen VfB Stuttgart: \u201eIn alle Richtungen ein einmaliges Spiel\u201c \u2013 Die Stimmen zum Spektakel\" src=\"https:\/\/www.europesays.com\/de\/wp-content\/uploads\/2025\/04\/media.media.e8554b98-7701-475e-a10c-1d01b7f40362.16x9_700.jpg\" data-linkto=\"https:\/\/www.stuttgarter-nachrichten.de\/gallery.1-fc-union-berlin-gegen-vfb-stuttgart-in-alle-richtungen-ein-einmaliges-spiel-die-stimmen-zum-spektakel.bd82e857-e865-4316-bb12-cb4b89c1bf42.html\"\/>\t\t\t\t\t\t\t\t\t\t\t\t\t\t\t\t\t\t\t\t\t\t\t\tEnzo Millot feiert sein Tor.\u00a0Foto: AFP\/JOHN MACDOUGALL\t\t\t<\/p>\n<p>Nach dem 4:4 des VfB Stuttgart gegen den 1. FC Union Berlin haben sich die Beteiligten zur Partie ge\u00e4u\u00dfert. Wir fassen die Stimmen zum Spiel zusammen.<\/p>\n<p>Am 30. Spieltag der <a href=\"https:\/\/www.stuttgarter-nachrichten.de\/thema\/Fu%C3%9Fball-Bundesliga\" title=\"Fu\u00dfball-Bundesliga\" class=\"art_thema\" rel=\"nofollow noopener\" target=\"_blank\">Fu\u00dfball-Bundesliga<\/a> spielte der <a href=\"https:\/\/www.stuttgarter-nachrichten.de\/thema\/VfB_Stuttgart\" title=\"VfB Stuttgart\" class=\"art_thema\" rel=\"nofollow noopener\" target=\"_blank\">VfB Stuttgart<\/a> gegen das Team des 1. FC Union Berlin 4:4 gespielt und verharrt so weiter auf Rang elf der Tabelle. Wir haben nach dem Spiel die <a href=\"https:\/\/www.stuttgarter-nachrichten.de\/thema\/Stimmen\" title=\"Stimmen\" class=\"art_thema\" rel=\"nofollow noopener\" target=\"_blank\">Stimmen<\/a> der Beteiligten gesammelt.<\/p>\n<p> <b>VfB-Trainer <a href=\"https:\/\/www.stuttgarter-nachrichten.de\/thema\/Sebastian_Hoene%C3%9F\" title=\"Sebastian Hoene\u00df\" class=\"art_thema\" rel=\"nofollow noopener\" target=\"_blank\">Sebastian Hoene\u00df<\/a>:<\/b> \u201eIch finde, dass wir ein gutes Spiel machen, vor dem Spiel h\u00f6rte es sich nicht wie ein Topspiel an, aber genau das haben beide Mannschaften bewiesen. Wir machen ein gutes Spiel, liegen in Berlin 0:2 hinten, sahen bei Standards sehr schlecht aus hinten, sonst kann ich meiner Mannschaft kaum Vorw\u00fcrfe machen. Wir mussten geduldig bleiben, haben eine gute Reaktion gezeigt. Die Entstehung der Standardsituationen ist auch ein Thema, wir sind in den Ans\u00e4tzen gut, aber verteidigen zu k\u00f6rperlos, die Tore fallen zu einfach.\u201c<\/p>\n<p> <b>Union-Trainer Steffen Baumgart:<\/b> \u201eWer mich kennt, wei\u00df, dass ich lieber ein 4:4 sehe als ein 0:0, aber heute war ich parteiisch, daher w\u00e4re mir ein Sieg lieber gewesen. Es war ein verr\u00fccktes Spiel. Das interessante an Querfelds Traumtor ist, dass er das tats\u00e4chlich gut kann. Jetzt konnte ich das endlich auch mal im Spiel sehen.\u201c<\/p>\n<p><img decoding=\"async\" class=\"meinvfbIcon\" src=\"https:\/\/www.europesays.com\/de\/wp-content\/uploads\/2025\/04\/media.media.0ea35dc3-cd0f-4f5f-9738-e5db772ac229.original.svg.svg+xml\"\/> <\/p>\n<p> <b>VfB-Spieler Deniz Undav: <\/b>\u201eEs war eine geile Fankulisse gewesen heute, das elektrisiert auch als Gast. Bei Tor hatte ich gedacht, \u201eich schie\u00df einfach drauf\u201c und den Ball gut getroffen. Sonst h\u00e4tte es mit zwei Toren hinten auch eklig werden k\u00f6nnen. Ich habe immer R\u00fcckendeckung gesp\u00fcrt und bin froh, mit meinem Treffer einen Teil zu diesem Spektakel heute beigetragen zu haben.\u201c<\/p>\n<p> <b>FCU-Spieler Christopher Trimmel:<\/b> \u201eDer Trainer hat geiles Fu\u00dfballspiel gelobt in der Pause, mit den Toren kann man statistisch nicht rechnen, wir sind immer wieder zur\u00fcckgekommen. Ich wusste, das Leo Querfeld so einen Wumms hat. Das ist auch etwas, das er im Training ab und zu probiert. Ich hoffe, er bleibt so in Form.\u201c<\/p>\n<p> <b>VfB-Sportdirektor Fabian Wohlgemuth: <\/b>\u201eWir wussten, dass Union bei Standards eine der st\u00e4rksten Mannschaftn der <a href=\"https:\/\/www.stuttgarter-nachrichten.de\/thema\/Bundesliga\" title=\"Bundesliga\" class=\"art_thema\" rel=\"nofollow noopener\" target=\"_blank\">Bundesliga<\/a> ist. Da waren wir nachl\u00e4ssig, die Zuordnung hat nicht gepasst. Daran m\u00fcssen wir arbeiten, es analysieren. Versuchen, unsere Leistungsgrenze nach oben auszudehnen. Gerade Deniz und Enzo waren absolute Aktivposten. Beiden und auch Chris haben wir das Tor extrem geg\u00f6nnt. Sie alle sind beeindruckend zur\u00fcckgekommen. Ein H\u00f6chstma\u00df an Effektivit\u00e4t. In alle Richtungen ein einmaliges Spiel. Haben uns ins Geschichtsbuch eintragen k\u00f6nnen mit einem ganz kleinen Absatz.\u201c<\/p>\n<p> <a href=\"https:\/\/www.stuttgarter-nachrichten.de\/thema\/Noten_f%c3%bcr_die_Roten\" target=\"_blank\" rel=\"nofollow noopener\">Alle Noten f\u00fcr die Wei\u00df-Roten <\/a>| <a href=\"https:\/\/www.stuttgarter-nachrichten.de\/vfblive\" target=\"_blank\" rel=\"nofollow noopener\">Das Bundesliga-Livecenter<\/a> <\/p>\n<p>Wir haben alle mindestens 15 Minuten eingesetzten Spieler des VfB Stuttgart mit einer detaillierten <a href=\"https:\/\/www.stuttgarter-nachrichten.de\/thema\/Einzelkritik\" target=\"_blank\" rel=\"nofollow noopener\">Einzelkritik <\/a>bewertet. <b>\u00dcbrigens:<\/b>\u00a0<a href=\"https:\/\/www.stuttgarter-nachrichten.de\/vfbnoten\" target=\"_blank\" rel=\"nofollow noopener\">Auch Sie k\u00f6nnen hier die VfB-Spieler bewerten.<\/a> Die Bilder zum Spiel haben wir in der Galerie f\u00fcr Sie zusammengestellt.<\/p>\n","protected":false},"excerpt":{"rendered":"Enzo Millot feiert sein Tor.\u00a0Foto: AFP\/JOHN MACDOUGALL Nach dem 4:4 des VfB Stuttgart gegen den 1. FC Union&hellip;\n","protected":false},"author":2,"featured_media":46293,"comment_status":"","ping_status":"","sticky":false,"template":"","format":"standard","meta":{"footnotes":"","_share_on_mastodon":"0"},"categories":[1830],"tags":[1634,299,3364,29,22906,21863,485,30,3497,3404,1441,21415,2915],"class_list":["post-46292","post","type-post","status-publish","format-standard","has-post-thumbnail","category-stuttgart","tag-baden-wuerttemberg","tag-bundesliga","tag-de","tag-deutschland","tag-fabian-wohlgemuth","tag-fcuvfb","tag-fussball-bundesliga","tag-germany","tag-sebastian-hoeness","tag-stimmen","tag-stuttgart","tag-undav","tag-vfb-stuttgart"],"share_on_mastodon":{"url":"https:\/\/pubeurope.com\/@de\/114369020890531997","error":""},"_links":{"self":[{"href":"https:\/\/www.europesays.com\/de\/wp-json\/wp\/v2\/posts\/46292","targetHints":{"allow":["GET"]}}],"collection":[{"href":"https:\/\/www.europesays.com\/de\/wp-json\/wp\/v2\/posts"}],"about":[{"href":"https:\/\/www.europesays.com\/de\/wp-json\/wp\/v2\/types\/post"}],"author":[{"embeddable":true,"href":"https:\/\/www.europesays.com\/de\/wp-json\/wp\/v2\/users\/2"}],"replies":[{"embeddable":true,"href":"https:\/\/www.europesays.com\/de\/wp-json\/wp\/v2\/comments?post=46292"}],"version-history":[{"count":0,"href":"https:\/\/www.europesays.com\/de\/wp-json\/wp\/v2\/posts\/46292\/revisions"}],"wp:featuredmedia":[{"embeddable":true,"href":"https:\/\/www.europesays.com\/de\/wp-json\/wp\/v2\/media\/46293"}],"wp:attachment":[{"href":"https:\/\/www.europesays.com\/de\/wp-json\/wp\/v2\/media?parent=46292"}],"wp:term":[{"taxonomy":"category","embeddable":true,"href":"https:\/\/www.europesays.com\/de\/wp-json\/wp\/v2\/categories?post=46292"},{"taxonomy":"post_tag","embeddable":true,"href":"https:\/\/www.europesays.com\/de\/wp-json\/wp\/v2\/tags?post=46292"}],"curies":[{"name":"wp","href":"https:\/\/api.w.org\/{rel}","templated":true}]}}