{"id":464961,"date":"2025-10-01T14:31:16","date_gmt":"2025-10-01T14:31:16","guid":{"rendered":"https:\/\/www.europesays.com\/de\/464961\/"},"modified":"2025-10-01T14:31:16","modified_gmt":"2025-10-01T14:31:16","slug":"ryder-cup-team-europa-betrinkt-sieg-fuer-230-000-pfund-sport","status":"publish","type":"post","link":"https:\/\/www.europesays.com\/de\/464961\/","title":{"rendered":"Ryder Cup: Team Europa betrinkt Sieg f\u00fcr 230.000 Pfund! | Sport"},"content":{"rendered":"<p><b>Ein solcher Erfolg muss geb\u00fchrend gefeiert werden \u2026<\/b><\/p>\n<p>Am vergangenen Wochenende holte Team Europa beim Ryder Cup einen 15:13-Sieg gegen die US-Mannschaft auf amerikanischem Boden in New York.<\/p>\n<p><b>Ein Triumph mit m\u00e4chtig Nebenger\u00e4uschen!<\/b><\/p>\n<p>Mehr zum Thema<\/p>\n<p>Immer wieder wurden die europ\u00e4ischen Top-Golfer von Freitag bis Sonntag von Fans angep\u00f6belt und gest\u00f6rt. Superstar Rory McIlroy (36) sagte nach dem Event: \u201eWas hier passiert ist, ist inakzeptabel.\u201c <\/p>\n<p><b>Dennoch behielt Team Europa um Kapit\u00e4n Luke Donald (47) die Nerven. Und machte nach dem nervenaufreibenden Sieg so richtig einen drauf!<\/b><\/p>\n<p><img decoding=\"async\" width=\"992\" height=\"661\" alt=\"Prost! McIlroy g\u00f6nnt sich einen Schluck Champagner\" src=\"https:\/\/www.europesays.com\/de\/wp-content\/uploads\/2025\/10\/12d43eaa4e4d1dad729d896b5da571a2,6f5c117b\"   class=\"dynamic\" loading=\"lazy\"\/><\/p>\n<p class=\"fig__caption__text\">Prost! McIlroy g\u00f6nnt sich einen Schluck Champagner<\/p>\n<p>Foto: David Davies\/PA Wire\/dpa<\/p>\n<p>Wie die englische Zeitung \u201eThe Sun\u201c\u00a0schreibt, feierten die Profis in New York ohne R\u00fccksicht auf Kosten. Demnach betrug die Rechnung am Ende des Abends 230.000 Pfund (rund 264.391 Euro)! <\/p>\n<p><b>Im Bericht wird sogar aufgelistet, mit welchen Luxus-Getr\u00e4nken die Sieger den ersten Ausw\u00e4rtserfolg im Ryder Cup seit dem europ\u00e4ischen Sieg 2012 begossen.<\/b><\/p>\n<p><img decoding=\"async\" width=\"992\" height=\"661\" alt=\"Pitschnass! McIlroy bekommt eine Ladung Champagner ab\" src=\"https:\/\/www.europesays.com\/de\/wp-content\/uploads\/2025\/10\/0454f841d869524fa9e6c24663c57861,70f8ff4b\"   class=\"dynamic\" loading=\"lazy\"\/><\/p>\n<p class=\"fig__caption__text\">Pitschnass! McIlroy bekommt eine Ladung Champagner ab<\/p>\n<p>Foto: Mike Egerton\/PA Wire\/dpa<\/p>\n<p>Dabei sind 240 Champagner-Flaschen verschiedener Arten von Mo\u00ebt &amp; Chandon (f\u00fcr 190.000 Pfund, etwa 218.410 Euro) sowie zehn Flaschen Belvedere Vodka (f\u00fcr 18.000 Pfund, etwa 20.702 Euro) und zehn Flaschen Hennessy-Cognac (f\u00fcr 22.000 Pfund, etwa 25.302 Euro).<\/p>\n<p><b>Neben den Spielern sollen auch die Betreuer und Familien mitgefeiert haben. Ein Insider, der bei der Party involviert war, sagt zur \u201eSun\u201c:<\/b> \u201eEs war eine einmalige Gelegenheit und ein einzigartiger Moment zum Feiern, denn ein Sieg auf amerikanischem Boden ist f\u00fcr das Team Europa eine gro\u00dfartige Leistung.\u201c<\/p>\n<p>Ein Klassiker aus 1993: Das Jahrhundert-Tor von Jay-Jay Okocha<a class=\"anchor video-teaser__anchor\" href=\"https:\/\/www.bild.de\/sport\/fussball\/ein-klassiker-aus-1993-das-jahrhundert-tor-von-jay-jay-okocha-685ab75054352c1fc4b2b0ed\" target=\"_blank\" rel=\"noopener\"><img decoding=\"async\" width=\"992\" height=\"558\" alt=\"Teaser-Bild\" src=\"https:\/\/www.europesays.com\/de\/wp-content\/uploads\/2025\/10\/25a4b9b54fc4fdaeb2afe276f063f87c,92e46779\"   class=\"landscape teaser__image\" loading=\"lazy\"\/><\/a><\/p>\n<p>Quelle: BILD\/DFL01.10.2025<\/p>\n<p><b>Und weiter:<\/b> \u201eNach einem langen Wochenende voller Anspannung und Stress war es unser Ziel, dass sie feiern und einige der besten Getr\u00e4nke genie\u00dfen konnten, die wir zu bieten hatten.\u201c<\/p>\n<p><b>Scheint funktioniert zu haben. Shane Lowry (38), der am Sonntag das Comeback des US-Teams verhinderte, schreibt am Montagmorgen auf \u201eX\u201c: \u201eIch k\u00f6nnte einen Kater haben.\u201c<\/b><\/p>\n","protected":false},"excerpt":{"rendered":"Ein solcher Erfolg muss geb\u00fchrend gefeiert werden \u2026 Am vergangenen Wochenende holte Team Europa beim Ryder Cup einen&hellip;\n","protected":false},"author":2,"featured_media":464962,"comment_status":"","ping_status":"","sticky":false,"template":"","format":"standard","meta":{"footnotes":""},"categories":[3933],"tags":[331,332,1263,548,663,158,3934,3935,12639,119045,13,119044,14,15,101488,12,45],"class_list":{"0":"post-464961","1":"post","2":"type-post","3":"status-publish","4":"format-standard","5":"has-post-thumbnail","7":"category-eu","8":"tag-aktuelle-nachrichten","9":"tag-aktuelle-news","10":"tag-aufmacher-bereich","11":"tag-eu","12":"tag-europa","13":"tag-europaeische-union","14":"tag-europe","15":"tag-european-union","16":"tag-golf","17":"tag-golf-ereignisse","18":"tag-headlines","19":"tag-kaymer-martin","20":"tag-nachrichten","21":"tag-news","22":"tag-ryder-cup","23":"tag-schlagzeilen","24":"tag-texttospeech"},"share_on_mastodon":{"url":"https:\/\/pubeurope.com\/@de\/115299397949629440","error":""},"_links":{"self":[{"href":"https:\/\/www.europesays.com\/de\/wp-json\/wp\/v2\/posts\/464961","targetHints":{"allow":["GET"]}}],"collection":[{"href":"https:\/\/www.europesays.com\/de\/wp-json\/wp\/v2\/posts"}],"about":[{"href":"https:\/\/www.europesays.com\/de\/wp-json\/wp\/v2\/types\/post"}],"author":[{"embeddable":true,"href":"https:\/\/www.europesays.com\/de\/wp-json\/wp\/v2\/users\/2"}],"replies":[{"embeddable":true,"href":"https:\/\/www.europesays.com\/de\/wp-json\/wp\/v2\/comments?post=464961"}],"version-history":[{"count":0,"href":"https:\/\/www.europesays.com\/de\/wp-json\/wp\/v2\/posts\/464961\/revisions"}],"wp:featuredmedia":[{"embeddable":true,"href":"https:\/\/www.europesays.com\/de\/wp-json\/wp\/v2\/media\/464962"}],"wp:attachment":[{"href":"https:\/\/www.europesays.com\/de\/wp-json\/wp\/v2\/media?parent=464961"}],"wp:term":[{"taxonomy":"category","embeddable":true,"href":"https:\/\/www.europesays.com\/de\/wp-json\/wp\/v2\/categories?post=464961"},{"taxonomy":"post_tag","embeddable":true,"href":"https:\/\/www.europesays.com\/de\/wp-json\/wp\/v2\/tags?post=464961"}],"curies":[{"name":"wp","href":"https:\/\/api.w.org\/{rel}","templated":true}]}}