{"id":465120,"date":"2025-10-01T15:58:18","date_gmt":"2025-10-01T15:58:18","guid":{"rendered":"https:\/\/www.europesays.com\/de\/465120\/"},"modified":"2025-10-01T15:58:18","modified_gmt":"2025-10-01T15:58:18","slug":"waehlerbestechung-staatsanwaltschaft-ermittelt-in-duisburg","status":"publish","type":"post","link":"https:\/\/www.europesays.com\/de\/465120\/","title":{"rendered":"W\u00e4hlerbestechung? Staatsanwaltschaft ermittelt in Duisburg"},"content":{"rendered":"<p>Kommunalwahl <\/p>\n<p>W\u00e4hlerbestechung? Staatsanwaltschaft ermittelt in Duisburg<\/p>\n<p>Aktualisiert am 01.10.2025 &#8211; 17:36 UhrLesedauer: 1 Min.<\/p>\n<p><a href=\"#focus-0\" class=\"transition-colors duration-200 block text-current relative\" data-sctrack=\"FocusGalleryImage.Reference\"><img fetchpriority=\"high\" data-testid=\"Opener.Image\" style=\"--lqipURL:url('https:\/\/images.t-online.de\/2025\/10\/Fy79NsFlVXXM\/0x107:2048x1152\/fit-in\/150x0\/filters:blur(25)\/nach-einer-strafanzeige-hat-die-staatsanwaltschaft-nun-ermittlungen-eingeleitet-symbolbild.jpg')\"   loading=\"eager\" src=\"https:\/\/www.europesays.com\/de\/wp-content\/uploads\/2025\/10\/nach-einer-strafanzeige-hat-die-staatsanwaltschaft-nun-ermittlungen-eingeleitet-symbolbild.jpg\" alt=\"Ermittlungen nach Kommunalwahl in Duisburg\" title=\"Ermittlungen nach Kommunalwahl in Duisburg\" width=\"2048\" height=\"1152\" class=\"bg-[url:var(--lqipURL)] bg-cover bg-center flex h-full w-full max-w-full\" decoding=\"async\"\/><img style=\"--width:32;--height:32\" loading=\"lazy\" src=\"https:\/\/www.t-online.de\/s\/paper\/_next\/static\/media\/zoom-in.f7dae02f.svg\" alt=\"Vergr\u00f6\u00dfern des Bildes\" title=\"Vergr\u00f6\u00dfern des Bildes\" class=\"block h-[calc(var(--height)_\/_16_*_1rem)] w-[calc(var(--width)_\/_16_*_1rem)] max-w-none absolute bottom-8 right-8 rounded-4 bg-snow p-8\" decoding=\"async\"\/><\/a><\/p>\n<p>Nach einer Strafanzeige hat die Staatsanwaltschaft nun Ermittlungen eingeleitet (Symbolbild) (Quelle: Christoph Reichwein\/dpa\/dpa-bilder)<\/p>\n<p class=\"font-bold text-18 leading-17\">Auff\u00e4lligkeiten bei Briefwahlen und der Verdacht auf Stimmenkauf: Die Staatsanwaltschaft pr\u00fcft in Duisburg mehrere Vorw\u00fcrfe im Zusammenhang mit der ersten Runde der Kommunalwahl.<\/p>\n<p class=\"text-18 leading-17\">Die Staatsanwaltschaft in <a class=\"transition-colors duration-200 cursor-pointer text-inherit no-underline text-salemsfur md:hover:text-magenta md:hover:border-magenta md:focus:text-magenta border-current border-b border-solid break-words\" href=\"https:\/\/www.t-online.de\/themen\/duisburg\/\" data-sctrack=\"BodyAnchor\" target=\"_blank\" rel=\"noopener\">Duisburg<\/a> geht nach einer Anzeige dem Verdacht der W\u00e4hlerbestechung, -t\u00e4uschung und -n\u00f6tigung bei der ersten Runde der Kommunalwahl nach. Es sei ein entsprechendes Ermittlungsverfahren gegen einen Lokalpolitiker eingeleitet worden, sagte ein Sprecher der Staatsanwaltschaft. Zudem laufe ein weiteres Verfahren gegen Unbekannt wegen Wahlf\u00e4lschung, bei dem es um Auff\u00e4lligkeiten bei Briefwahlen gebe. Die &#8222;WAZ&#8220; hatte zuvor berichtet. <\/p>\n<p class=\"text-18 leading-17\">Den Recherchen der Zeitung zufolge hatte ein Mitglied des W\u00e4hler-B\u00fcndnisses &#8222;Sozial Gerecht Unabh\u00e4ngig&#8220; bereits Einspruch gegen die Kommunalwahl eingelegt und den Vorwurf erhoben, es seien Stimmen der Roma-Community gekauft worden.<\/p>\n","protected":false},"excerpt":{"rendered":"Kommunalwahl W\u00e4hlerbestechung? Staatsanwaltschaft ermittelt in Duisburg Aktualisiert am 01.10.2025 &#8211; 17:36 UhrLesedauer: 1 Min. Nach einer Strafanzeige hat&hellip;\n","protected":false},"author":2,"featured_media":465121,"comment_status":"","ping_status":"","sticky":false,"template":"","format":"standard","meta":{"footnotes":""},"categories":[1838],"tags":[83363,11695,3364,29,3715,30,10917,1209,1997,89117,13502,119070],"class_list":{"0":"post-465120","1":"post","2":"type-post","3":"status-publish","4":"format-standard","5":"has-post-thumbnail","7":"category-duisburg","8":"tag-auffaelligkeit","9":"tag-briefwahl","10":"tag-de","11":"tag-deutschland","12":"tag-duisburg","13":"tag-germany","14":"tag-kommunalwahl","15":"tag-nordrhein-westfalen","16":"tag-staatsanwaltschaft","17":"tag-stimmenkauf","18":"tag-strafanzeige","19":"tag-waehlerbestechung"},"share_on_mastodon":{"url":"https:\/\/pubeurope.com\/@de\/115299739764558069","error":""},"_links":{"self":[{"href":"https:\/\/www.europesays.com\/de\/wp-json\/wp\/v2\/posts\/465120","targetHints":{"allow":["GET"]}}],"collection":[{"href":"https:\/\/www.europesays.com\/de\/wp-json\/wp\/v2\/posts"}],"about":[{"href":"https:\/\/www.europesays.com\/de\/wp-json\/wp\/v2\/types\/post"}],"author":[{"embeddable":true,"href":"https:\/\/www.europesays.com\/de\/wp-json\/wp\/v2\/users\/2"}],"replies":[{"embeddable":true,"href":"https:\/\/www.europesays.com\/de\/wp-json\/wp\/v2\/comments?post=465120"}],"version-history":[{"count":0,"href":"https:\/\/www.europesays.com\/de\/wp-json\/wp\/v2\/posts\/465120\/revisions"}],"wp:featuredmedia":[{"embeddable":true,"href":"https:\/\/www.europesays.com\/de\/wp-json\/wp\/v2\/media\/465121"}],"wp:attachment":[{"href":"https:\/\/www.europesays.com\/de\/wp-json\/wp\/v2\/media?parent=465120"}],"wp:term":[{"taxonomy":"category","embeddable":true,"href":"https:\/\/www.europesays.com\/de\/wp-json\/wp\/v2\/categories?post=465120"},{"taxonomy":"post_tag","embeddable":true,"href":"https:\/\/www.europesays.com\/de\/wp-json\/wp\/v2\/tags?post=465120"}],"curies":[{"name":"wp","href":"https:\/\/api.w.org\/{rel}","templated":true}]}}