{"id":465184,"date":"2025-10-01T16:31:12","date_gmt":"2025-10-01T16:31:12","guid":{"rendered":"https:\/\/www.europesays.com\/de\/465184\/"},"modified":"2025-10-01T16:31:12","modified_gmt":"2025-10-01T16:31:12","slug":"sieht-aus-wie-heidi-heidi-klum-deutet-ihr-halloween-kostuem-an","status":"publish","type":"post","link":"https:\/\/www.europesays.com\/de\/465184\/","title":{"rendered":"Sieht aus wie &#8230; Heidi: Heidi Klum deutet ihr Halloween-Kost\u00fcm an"},"content":{"rendered":"<p>                    Sieht aus wie &#8230; Heidi<br \/>\n                Heidi Klum deutet ihr Halloween-Kost\u00fcm an<\/p>\n<p>\t\t\t\t              01.10.2025, 18:01 Uhr<\/p>\n<p>\t\t\t\t\t       Artikel anh\u00f6ren<\/p>\n<p>\t\t\t\t\t\t\tDiese Audioversion wurde k\u00fcnstlich generiert. <a href=\"https:\/\/www.n-tv.de\/23249898\" target=\"_blank\" rel=\"noopener\">Mehr Infos<\/a><\/p>\n<p><strong>Ihr diesj\u00e4hriges Halloween-Kost\u00fcm soll &#8222;extra h\u00e4sslich&#8220; werden, k\u00fcndigt Heidi Klum an. Nun gew\u00e4hrt sie einen kleinen Einblick in die Vorbereitung. Wirklich h\u00e4sslich sieht das allerdings noch nicht aus.<\/strong><\/p>\n<p>Wenn Heidi Klum einl\u00e4dt, kommen sie alle: Jedes Jahr veranstaltet das deutsche Model in seiner amerikanischen Wahlheimat eine riesige Halloween-Party. Dabei \u00fcbertrifft sich die 52-J\u00e4hrige jedes Jahr selbst, wenn es um das gruseligste Kost\u00fcm des Abends geht. Im vergangenen Jahr kamen sie und ihr Mann Tom Kaulitz als Au\u00dferirdischer &#8222;E.T.&#8220; <\/p>\n<p>&#8222;Klaustrophobisch&#8220; sei das Kost\u00fcm gewesen, beklagten beide im Nachgang. Doch Platzangst und Atemnot haben Klum noch nie davon abgehalten, sich am 31. Oktober besonders spektakul\u00e4r zu verkleiden und sich jedes Jahr ein noch wahnwitzigeres Outfit auszudenken.<\/p>\n<p>Als wer oder was sie 2025 kommt, ist noch geheim. Die gro\u00dfe Enth\u00fcllung wird es erst auf der Halloween-Party geben. Doch ein bisschen Vorfreude teilt Klum bereits jetzt mit ihren Instagram-Followern. Dort postet sie Fotos einer Maske ihres Gesichtes und verlinkt die Spezialeffekt-Firma des mehrfach f\u00fcr den Oscar nominierten Maskenbildners Mike Marino. Dieser hatte zuletzt Colin Farrell f\u00fcr die Serie &#8222;The Penguin&#8220; unkenntlich gemacht und zeichnet auch verantwortlich f\u00fcr die beeindruckende Verwandlung von Sebastian Stan im Film &#8222;A Different Man&#8220;. <\/p>\n<p>Das sei &#8222;erst der Anfang&#8220;, schreibt Klum omin\u00f6s zu den Maskenbildern, auf denen der Abdruck ihres Antlitz von allen Seiten zu sehen ist. <a href=\"https:\/\/www.n-tv.de\/leute\/Heidi-Klums-Kostuem-wird-extra-haesslich-und-super-gruselig-article25952480.html\" rel=\"Follow noopener\" target=\"_self\">Von &#8222;extra h\u00e4sslich und super gruselig&#8220;<\/a>, wie sie ihr diesj\u00e4hriges Halloween-Kost\u00fcm im August in der &#8222;The Tonight Show Starring Jimmy Fallon&#8220; bereits beschrieben hat, ist dieser erste Eindruck allerdings tats\u00e4chlich aktuell noch weit entfernt. Die Maske sieht einfach nur aus wie Heidi Klum &#8211; ohne Haare. Aber bis Halloween sind ja auch noch 30 Tage. <\/p>\n","protected":false},"excerpt":{"rendered":"Sieht aus wie &#8230; Heidi Heidi Klum deutet ihr Halloween-Kost\u00fcm an 01.10.2025, 18:01 Uhr Artikel anh\u00f6ren Diese Audioversion&hellip;\n","protected":false},"author":2,"featured_media":465185,"comment_status":"","ping_status":"","sticky":false,"template":"","format":"standard","meta":{"footnotes":""},"categories":[1776],"tags":[84797,1801,29,214,30,5135,811,1802,215,64],"class_list":{"0":"post-465184","1":"post","2":"type-post","3":"status-publish","4":"format-standard","5":"has-post-thumbnail","7":"category-prominente","8":"tag-halloween","9":"tag-celebrities","10":"tag-deutschland","11":"tag-entertainment","12":"tag-germany","13":"tag-heidi-klum","14":"tag-promi-paare","15":"tag-prominente","16":"tag-unterhaltung","17":"tag-usa"},"share_on_mastodon":{"url":"https:\/\/pubeurope.com\/@de\/115299869201561715","error":""},"_links":{"self":[{"href":"https:\/\/www.europesays.com\/de\/wp-json\/wp\/v2\/posts\/465184","targetHints":{"allow":["GET"]}}],"collection":[{"href":"https:\/\/www.europesays.com\/de\/wp-json\/wp\/v2\/posts"}],"about":[{"href":"https:\/\/www.europesays.com\/de\/wp-json\/wp\/v2\/types\/post"}],"author":[{"embeddable":true,"href":"https:\/\/www.europesays.com\/de\/wp-json\/wp\/v2\/users\/2"}],"replies":[{"embeddable":true,"href":"https:\/\/www.europesays.com\/de\/wp-json\/wp\/v2\/comments?post=465184"}],"version-history":[{"count":0,"href":"https:\/\/www.europesays.com\/de\/wp-json\/wp\/v2\/posts\/465184\/revisions"}],"wp:featuredmedia":[{"embeddable":true,"href":"https:\/\/www.europesays.com\/de\/wp-json\/wp\/v2\/media\/465185"}],"wp:attachment":[{"href":"https:\/\/www.europesays.com\/de\/wp-json\/wp\/v2\/media?parent=465184"}],"wp:term":[{"taxonomy":"category","embeddable":true,"href":"https:\/\/www.europesays.com\/de\/wp-json\/wp\/v2\/categories?post=465184"},{"taxonomy":"post_tag","embeddable":true,"href":"https:\/\/www.europesays.com\/de\/wp-json\/wp\/v2\/tags?post=465184"}],"curies":[{"name":"wp","href":"https:\/\/api.w.org\/{rel}","templated":true}]}}