{"id":465186,"date":"2025-10-01T16:33:15","date_gmt":"2025-10-01T16:33:15","guid":{"rendered":"https:\/\/www.europesays.com\/de\/465186\/"},"modified":"2025-10-01T16:33:15","modified_gmt":"2025-10-01T16:33:15","slug":"meine-zuflucht-und-mein-sturm-die-goettin-des-guten","status":"publish","type":"post","link":"https:\/\/www.europesays.com\/de\/465186\/","title":{"rendered":"&#8222;Meine Zuflucht und mein Sturm&#8220;: Die G\u00f6ttin des Guten"},"content":{"rendered":"<p class=\"paragraph\">Da muss sie wirklich herzlich lachen, als sie die Frage h\u00f6rt, ob ihre Mutter sehr pr\u00e4sent gewesen sei, w\u00e4hrend sie, <a class=\"rtr-entity\" href=\"https:\/\/www.zeit.de\/thema\/arundhati-roy\" target=\"_blank\" rel=\"noopener\">Arundhati Roy<\/a>, ihr neues Buch \u00fcber die Mutter geschrieben habe. &#8222;Oh ja, sehr pr\u00e4sent!&#8220;, sagt Arundhati Roy und sch\u00fcttelt ihre wei\u00dfgrauen Locken. &#8222;Der Deckenventilator ist heruntergefallen, Teile der Decke sind auf meinen Schreibtisch gebrochen, Rohre sind geplatzt, Wasser str\u00f6mte in die Wohnung, der Computer ist abgest\u00fcrzt. Es war wirklich, als w\u00e4re ein Poltergeist in meinem Haus.&#8220; Okay, das klingt ein wenig so, als sei die Mutter nicht komplett einverstanden mit der literarischen Version ihrer selbst, die ihre Tochter in ihrem Buch Meine Zuflucht und mein Sturm entworfen hat und der ganzen Welt als ihre Wahrheit pr\u00e4sentiert. Die Wahrheit \u00fcber ihre Mutter.<\/p>\n","protected":false},"excerpt":{"rendered":"Da muss sie wirklich herzlich lachen, als sie die Frage h\u00f6rt, ob ihre Mutter sehr pr\u00e4sent gewesen sei,&hellip;\n","protected":false},"author":2,"featured_media":465187,"comment_status":"","ping_status":"","sticky":false,"template":"","format":"standard","meta":{"footnotes":""},"categories":[1774],"tags":[119080,119085,119081,119084,1784,1785,26490,29,214,30,699,80,119086,119087,119082,119083,5472,215],"class_list":{"0":"post-465186","1":"post","2":"type-post","3":"status-publish","4":"format-standard","5":"has-post-thumbnail","7":"category-buecher","8":"tag-meine-zuflucht-und-mein-sturm","9":"tag-anette-grube","10":"tag-arundhati-roy","11":"tag-arundhati-roys","12":"tag-books","13":"tag-buecher","14":"tag-delhi","15":"tag-deutschland","16":"tag-entertainment","17":"tag-germany","18":"tag-indien","19":"tag-kultur","20":"tag-laurie-baker","21":"tag-laurie-bakers","22":"tag-mary-roy","23":"tag-mary-roys","24":"tag-schriftstellerin","25":"tag-unterhaltung"},"share_on_mastodon":{"url":"https:\/\/pubeurope.com\/@de\/115299877258056991","error":""},"_links":{"self":[{"href":"https:\/\/www.europesays.com\/de\/wp-json\/wp\/v2\/posts\/465186","targetHints":{"allow":["GET"]}}],"collection":[{"href":"https:\/\/www.europesays.com\/de\/wp-json\/wp\/v2\/posts"}],"about":[{"href":"https:\/\/www.europesays.com\/de\/wp-json\/wp\/v2\/types\/post"}],"author":[{"embeddable":true,"href":"https:\/\/www.europesays.com\/de\/wp-json\/wp\/v2\/users\/2"}],"replies":[{"embeddable":true,"href":"https:\/\/www.europesays.com\/de\/wp-json\/wp\/v2\/comments?post=465186"}],"version-history":[{"count":0,"href":"https:\/\/www.europesays.com\/de\/wp-json\/wp\/v2\/posts\/465186\/revisions"}],"wp:featuredmedia":[{"embeddable":true,"href":"https:\/\/www.europesays.com\/de\/wp-json\/wp\/v2\/media\/465187"}],"wp:attachment":[{"href":"https:\/\/www.europesays.com\/de\/wp-json\/wp\/v2\/media?parent=465186"}],"wp:term":[{"taxonomy":"category","embeddable":true,"href":"https:\/\/www.europesays.com\/de\/wp-json\/wp\/v2\/categories?post=465186"},{"taxonomy":"post_tag","embeddable":true,"href":"https:\/\/www.europesays.com\/de\/wp-json\/wp\/v2\/tags?post=465186"}],"curies":[{"name":"wp","href":"https:\/\/api.w.org\/{rel}","templated":true}]}}