{"id":465214,"date":"2025-10-01T16:48:13","date_gmt":"2025-10-01T16:48:13","guid":{"rendered":"https:\/\/www.europesays.com\/de\/465214\/"},"modified":"2025-10-01T16:48:13","modified_gmt":"2025-10-01T16:48:13","slug":"welche-aussergewoehnlichen-aktivitaeten-gibt-es-fuer-familien","status":"publish","type":"post","link":"https:\/\/www.europesays.com\/de\/465214\/","title":{"rendered":"Welche au\u00dfergew\u00f6hnlichen Aktivit\u00e4ten gibt es f\u00fcr Familien?"},"content":{"rendered":"<p class=\"bold\">\n\t\t\t\t\t\t\t\t\t\tVon Drachenwettk\u00e4mpfen \u00fcber Schlossf\u00fchrungen im Dunkeln bis hin zu einem Spielemarathon hat die Region in den Ferien einiges zu bieten. Die \u201eFreie Presse\u201c gibt einen \u00dcberblick, welche Ausflugsziele sich lohnen k\u00f6nnten.\t\t\t\t<\/p>\n<p>\t\t\t\t Die Herbstferien in Sachsen stehen vor der T\u00fcr und mit ihnen verbunden auch die Suche nach spannenden und abwechslungsreichen Ausflugszielen f\u00fcr die ganze Familie. Im Chemnitzer Umland haben sich st\u00e4dtische Einrichtungen, Vereine und Initiativen ein buntes Ferienprogramm \u00fcberlegt. Da das Wetter in den 14 Ferientagen durchwachsen werden soll,&#8230;<\/p>\n<p>\t\t<img decoding=\"async\" class=\"fp-plus-logo\" src=\"https:\/\/www.freiepresse.de\/img\/fpplus.svg\" alt=\"Freie Presse plus Logo\"\/><\/p>\n<p>Registrieren und testen.<\/p>\n<p>Jetzt mit Ihrer Registrierung 1 Monat gratis testen und alle Beitr\u00e4ge lesen.<\/p>\n<p>Schon Abonnent? Melden Sie sich mit ihren Zugangsdaten an.<\/p>\n","protected":false},"excerpt":{"rendered":"Von Drachenwettk\u00e4mpfen \u00fcber Schlossf\u00fchrungen im Dunkeln bis hin zu einem Spielemarathon hat die Region in den Ferien einiges&hellip;\n","protected":false},"author":2,"featured_media":465215,"comment_status":"","ping_status":"","sticky":false,"template":"","format":"standard","meta":{"footnotes":""},"categories":[1851],"tags":[2770,3364,29,548,663,3934,30,13,14,15,859,12,3866],"class_list":{"0":"post-465214","1":"post","2":"type-post","3":"status-publish","4":"format-standard","5":"has-post-thumbnail","7":"category-chemnitz","8":"tag-chemnitz","9":"tag-de","10":"tag-deutschland","11":"tag-eu","12":"tag-europa","13":"tag-europe","14":"tag-germany","15":"tag-headlines","16":"tag-nachrichten","17":"tag-news","18":"tag-sachsen","19":"tag-schlagzeilen","20":"tag-veranstaltungen"},"share_on_mastodon":{"url":"https:\/\/pubeurope.com\/@de\/115299936208078422","error":""},"_links":{"self":[{"href":"https:\/\/www.europesays.com\/de\/wp-json\/wp\/v2\/posts\/465214","targetHints":{"allow":["GET"]}}],"collection":[{"href":"https:\/\/www.europesays.com\/de\/wp-json\/wp\/v2\/posts"}],"about":[{"href":"https:\/\/www.europesays.com\/de\/wp-json\/wp\/v2\/types\/post"}],"author":[{"embeddable":true,"href":"https:\/\/www.europesays.com\/de\/wp-json\/wp\/v2\/users\/2"}],"replies":[{"embeddable":true,"href":"https:\/\/www.europesays.com\/de\/wp-json\/wp\/v2\/comments?post=465214"}],"version-history":[{"count":0,"href":"https:\/\/www.europesays.com\/de\/wp-json\/wp\/v2\/posts\/465214\/revisions"}],"wp:featuredmedia":[{"embeddable":true,"href":"https:\/\/www.europesays.com\/de\/wp-json\/wp\/v2\/media\/465215"}],"wp:attachment":[{"href":"https:\/\/www.europesays.com\/de\/wp-json\/wp\/v2\/media?parent=465214"}],"wp:term":[{"taxonomy":"category","embeddable":true,"href":"https:\/\/www.europesays.com\/de\/wp-json\/wp\/v2\/categories?post=465214"},{"taxonomy":"post_tag","embeddable":true,"href":"https:\/\/www.europesays.com\/de\/wp-json\/wp\/v2\/tags?post=465214"}],"curies":[{"name":"wp","href":"https:\/\/api.w.org\/{rel}","templated":true}]}}