{"id":465278,"date":"2025-10-01T17:22:18","date_gmt":"2025-10-01T17:22:18","guid":{"rendered":"https:\/\/www.europesays.com\/de\/465278\/"},"modified":"2025-10-01T17:22:18","modified_gmt":"2025-10-01T17:22:18","slug":"erlebnis-zoo-hannover-jubelt-ueber-nachwuchs-bei-kleinen-pandas","status":"publish","type":"post","link":"https:\/\/www.europesays.com\/de\/465278\/","title":{"rendered":"Erlebnis-Zoo Hannover jubelt \u00fcber Nachwuchs bei Kleinen Pandas"},"content":{"rendered":"<p class=\"richtext text-em-55 !leading-serif mx-6 desktop:mx-0\">\u00dcber Nachwuchs bei den seltenen Kleinen Pandas freut sich der Erlebnis-Zoo <a href=\"https:\/\/rp-online.de\/thema\/hannover\/\" target=\"_blank\" rel=\"noopener\">Hannover<\/a>. Zwei Jungtiere der stark gef\u00e4hrdeten Tierart und der laut Zoomitteilung \u201esch\u00f6nsten S\u00e4ugetiere auf Erden\u201c haben dort das Licht der Welt erblickt. Die nach Geburt erst blinden und hilflosen Zwillinge verbrachten demnach die ersten Wochen in einer gesch\u00fctzten und mit Heu ausgepolsterten Wurfh\u00f6hle. Nun seien sie jedoch gro\u00df genug, um ihr Gehege zu erkunden.<\/p>\n","protected":false},"excerpt":{"rendered":"\u00dcber Nachwuchs bei den seltenen Kleinen Pandas freut sich der Erlebnis-Zoo Hannover. Zwei Jungtiere der stark gef\u00e4hrdeten Tierart&hellip;\n","protected":false},"author":2,"featured_media":465279,"comment_status":"","ping_status":"","sticky":false,"template":"","format":"standard","meta":{"footnotes":""},"categories":[1836],"tags":[13203,3364,29,38084,18591,80606,17752,30,46,1411,66790,119095,19668,6500,119096],"class_list":{"0":"post-465278","1":"post","2":"type-post","3":"status-publish","4":"format-standard","5":"has-post-thumbnail","7":"category-hannover","8":"tag-nachwuchs","9":"tag-de","10":"tag-deutschland","11":"tag-erkunden","12":"tag-erlebnis","13":"tag-freut","14":"tag-gehege","15":"tag-germany","16":"tag-hannover","17":"tag-niedersachsen","18":"tag-panda","19":"tag-seltenen","20":"tag-tierart","21":"tag-zoo","22":"tag-zwillingsnachwuchs"},"share_on_mastodon":{"url":"https:\/\/pubeurope.com\/@de\/115300069799220129","error":""},"_links":{"self":[{"href":"https:\/\/www.europesays.com\/de\/wp-json\/wp\/v2\/posts\/465278","targetHints":{"allow":["GET"]}}],"collection":[{"href":"https:\/\/www.europesays.com\/de\/wp-json\/wp\/v2\/posts"}],"about":[{"href":"https:\/\/www.europesays.com\/de\/wp-json\/wp\/v2\/types\/post"}],"author":[{"embeddable":true,"href":"https:\/\/www.europesays.com\/de\/wp-json\/wp\/v2\/users\/2"}],"replies":[{"embeddable":true,"href":"https:\/\/www.europesays.com\/de\/wp-json\/wp\/v2\/comments?post=465278"}],"version-history":[{"count":0,"href":"https:\/\/www.europesays.com\/de\/wp-json\/wp\/v2\/posts\/465278\/revisions"}],"wp:featuredmedia":[{"embeddable":true,"href":"https:\/\/www.europesays.com\/de\/wp-json\/wp\/v2\/media\/465279"}],"wp:attachment":[{"href":"https:\/\/www.europesays.com\/de\/wp-json\/wp\/v2\/media?parent=465278"}],"wp:term":[{"taxonomy":"category","embeddable":true,"href":"https:\/\/www.europesays.com\/de\/wp-json\/wp\/v2\/categories?post=465278"},{"taxonomy":"post_tag","embeddable":true,"href":"https:\/\/www.europesays.com\/de\/wp-json\/wp\/v2\/tags?post=465278"}],"curies":[{"name":"wp","href":"https:\/\/api.w.org\/{rel}","templated":true}]}}