{"id":465410,"date":"2025-10-01T18:34:11","date_gmt":"2025-10-01T18:34:11","guid":{"rendered":"https:\/\/www.europesays.com\/de\/465410\/"},"modified":"2025-10-01T18:34:11","modified_gmt":"2025-10-01T18:34:11","slug":"wohneigentum-nachfrage-steigt-in-deutschland-wirtschaft","status":"publish","type":"post","link":"https:\/\/www.europesays.com\/de\/465410\/","title":{"rendered":"Wohneigentum Nachfrage steigt in Deutschland &#8211; Wirtschaft"},"content":{"rendered":"<p data-manual=\"paragraph\" data-schema-org-speakable=\"true\" class=\"css-1eosz7k\">Die Nachfrage nach Wohneigentum lag zuletzt deutlich \u00fcber dem Vorjahresniveau. Das geht aus den Zahlen des \u201eWohnbarometes\u201c der Online-Plattform Immoscout24 f\u00fcr das dritte Quartal hervor. Besonders in kreisfreien St\u00e4dten stieg die Nachfrage um 13 Prozent im Vergleich zum Vorjahreszeitraum. Im Vergleich zum vorherigen Quartal blieb die Kaufnachfrage stabil, wobei Metropolen und das Umland einen leichten R\u00fcckgang verzeichneten.<\/p>\n<p data-manual=\"paragraph\" data-schema-org-speakable=\"true\" class=\"css-1eosz7k\">Die Marktanalyse informiert im Quartalsrhytmus \u00fcber Entwicklungen der Kaufpreise f\u00fcr Immobilien in Deutschland. Der Analyse liegen die Angebotspreise auf der Online-Plattform zugrunde. Erg\u00e4nzend flie\u00dfen auch Informationen zur Nachfrage in das Barometer ein. Immoscout24 ist der gr\u00f6\u00dfte Online-Marktplatz f\u00fcr Immobilien.<\/p>\n<p data-manual=\"paragraph\" data-schema-org-speakable=\"true\" class=\"css-1eosz7k\">Auch Zahlen zur aktuellen Preislage von Wohneigentum sind f\u00fcr das dritte Quartal 2025 im Barometer enthalten. Diese entwickelten sich deutschlandweit moderat. So stiegen die Preise f\u00fcr Bestandswohnungen im Durchschnitt minimal um 0,2 Prozent auf 2549 Euro pro Quadratmeter an. Damit lagen sie zwei Prozent \u00fcber dem Niveau des dritten Quartals aus 2024. Auch die Preise f\u00fcr Neubauwohnungen sind in Deutschland im Durchschnitt minimal um 0,5 Prozent gestiegen. Das ist ein Zuwachs von 4,1 Prozent zum Vorjahr.<\/p>\n<p data-manual=\"paragraph\" data-schema-org-speakable=\"true\" class=\"css-1eosz7k\">Die Quadratmeterpreise f\u00fcr neu gebaute Einfamilienh\u00e4user sind mit 0,1 Prozent im Vergleich zum vorherigen Quartal gefallen, liegen jedoch 2,6 Prozent \u00fcber dem Vorjahresniveau. F\u00fcr Bestandsimmobilien stiegen die Preise leicht um 0,2 Prozent.<\/p>\n<p data-manual=\"paragraph\" data-schema-org-speakable=\"true\" class=\"css-1eosz7k\">Auch das Statistische Bundesamt ver\u00f6ffentlichte k\u00fcrzlich neue Zahlen zu den Preisen von Wohnimmobilien aus dem zweiten Quartal 2025. Daf\u00fcr wurden aktuelle Verkaufsdaten von Eigentumswohnungen sowie Ein- und Zweifamilienh\u00e4usern ausgewertet.<\/p>\n<p data-manual=\"paragraph\" data-schema-org-speakable=\"true\" class=\"css-1eosz7k\">Demnach stiegen die Preise f\u00fcr Wohnimmobilien in Deutschland im zweiten Quartal von 2025 im Durchschnitt um 3,2 Prozent im Vergleich zum Vorjahr. Damit stiegen die Preise zum dritten Mal in Folge gegen\u00fcber dem vorherigen Quartal. Zuvor waren die Preise seit dem vierten Quartal aus 2022 kontinuierlich gesunken.<\/p>\n","protected":false},"excerpt":{"rendered":"Die Nachfrage nach Wohneigentum lag zuletzt deutlich \u00fcber dem Vorjahresniveau. Das geht aus den Zahlen des \u201eWohnbarometes\u201c der&hellip;\n","protected":false},"author":2,"featured_media":465411,"comment_status":"","ping_status":"","sticky":false,"template":"","format":"standard","meta":{"footnotes":""},"categories":[2],"tags":[331,3924,332,3922,3364,29,30,13,5732,38430,5336,148,14,3923,15,3921,12,149,55,1463],"class_list":{"0":"post-465410","1":"post","2":"type-post","3":"status-publish","4":"format-standard","5":"has-post-thumbnail","7":"category-deutschland","8":"tag-aktuelle-nachrichten","9":"tag-aktuelle-nachrichten-aus-deutschland","10":"tag-aktuelle-news","11":"tag-aktuelle-news-aus-deutschland","12":"tag-de","13":"tag-deutschland","14":"tag-germany","15":"tag-headlines","16":"tag-immobilien-und-wohnen","17":"tag-immobilienkauf","18":"tag-immobilienpreise","19":"tag-leserdiskussion","20":"tag-nachrichten","21":"tag-nachrichten-aus-deutschland","22":"tag-news","23":"tag-news-aus-deutschland","24":"tag-schlagzeilen","25":"tag-sueddeutsche-zeitung","26":"tag-wirtschaft","27":"tag-wohnen"},"share_on_mastodon":{"url":"https:\/\/pubeurope.com\/@de\/115300352974444159","error":""},"_links":{"self":[{"href":"https:\/\/www.europesays.com\/de\/wp-json\/wp\/v2\/posts\/465410","targetHints":{"allow":["GET"]}}],"collection":[{"href":"https:\/\/www.europesays.com\/de\/wp-json\/wp\/v2\/posts"}],"about":[{"href":"https:\/\/www.europesays.com\/de\/wp-json\/wp\/v2\/types\/post"}],"author":[{"embeddable":true,"href":"https:\/\/www.europesays.com\/de\/wp-json\/wp\/v2\/users\/2"}],"replies":[{"embeddable":true,"href":"https:\/\/www.europesays.com\/de\/wp-json\/wp\/v2\/comments?post=465410"}],"version-history":[{"count":0,"href":"https:\/\/www.europesays.com\/de\/wp-json\/wp\/v2\/posts\/465410\/revisions"}],"wp:featuredmedia":[{"embeddable":true,"href":"https:\/\/www.europesays.com\/de\/wp-json\/wp\/v2\/media\/465411"}],"wp:attachment":[{"href":"https:\/\/www.europesays.com\/de\/wp-json\/wp\/v2\/media?parent=465410"}],"wp:term":[{"taxonomy":"category","embeddable":true,"href":"https:\/\/www.europesays.com\/de\/wp-json\/wp\/v2\/categories?post=465410"},{"taxonomy":"post_tag","embeddable":true,"href":"https:\/\/www.europesays.com\/de\/wp-json\/wp\/v2\/tags?post=465410"}],"curies":[{"name":"wp","href":"https:\/\/api.w.org\/{rel}","templated":true}]}}