{"id":465961,"date":"2025-10-01T23:35:21","date_gmt":"2025-10-01T23:35:21","guid":{"rendered":"https:\/\/www.europesays.com\/de\/465961\/"},"modified":"2025-10-01T23:35:21","modified_gmt":"2025-10-01T23:35:21","slug":"polizei-moenchengladbach-schwerpunktkontrollen-drogen-und-bargeld-sichergestellt","status":"publish","type":"post","link":"https:\/\/www.europesays.com\/de\/465961\/","title":{"rendered":"Polizei M\u00f6nchengladbach: Schwerpunktkontrollen &#8211; Drogen und Bargeld sichergestellt"},"content":{"rendered":"<p class=\"text_ohne_einzug richtext text-em-55 !leading-serif mx-6 desktop:mx-0\"> Die <a href=\"https:\/\/rp-online.de\/thema\/polizei\/\" target=\"_blank\" rel=\"noopener\">Polizei<\/a> hat am Dienstag, 30. September, wieder verst\u00e4rkt Pr\u00e4senz in verschiedenen Bereichen im Stadtgebiet gezeigt und Kontrollen durchgef\u00fchrt. Ziel des Einsatzes war es laut Angaben der Polizei, verst\u00e4rkt gegen die Gewalt-, Bet\u00e4ubungsmittel- und Beschaffungskriminalit\u00e4t in M\u00f6nchengladbach vorzugehen.<\/p>\n<p class=\"richtext text-em-55 !leading-serif mx-6 desktop:mx-0\">Insgesamt sind bei dem Einsatz am Dienstag 86 Personen kontrolliert worden. 25 von ihnen wurde durchsucht, bei 23 Personen wurden Gef\u00e4hrderansprachen durchgef\u00fchrt. An 17 Personen wurden Platzverweise erteilt. Unter anderem nahmen die Beamten zwei M\u00e4nner vorl\u00e4ufig fest, da bei ihnen Marihuana, LSD-Tabletten und Bargeld in szenetypischer St\u00fcckelung gefunden wurden. Nach Absprache mit der zust\u00e4ndigen Staatsanwaltschaft sowie nach Abschluss aller polizeilichen Ma\u00dfnahmen wurden beide wieder entlassen. Die Bet\u00e4ubungsmittel, das Bargeld sowie die Mobiltelefone wurden zur Beweissicherung beschlagnahmt. Der Einsatz wurde gemeinsam mit Mitarbeitern des Ordnungsamtes sowie der Bundespolizei D\u00fcsseldorf in den Stadtzentren durchgef\u00fchrt.<\/p>\n","protected":false},"excerpt":{"rendered":"Die Polizei hat am Dienstag, 30. September, wieder verst\u00e4rkt Pr\u00e4senz in verschiedenen Bereichen im Stadtgebiet gezeigt und Kontrollen&hellip;\n","protected":false},"author":2,"featured_media":465962,"comment_status":"","ping_status":"","sticky":false,"template":"","format":"standard","meta":{"footnotes":""},"categories":[1849],"tags":[6258,24761,3364,29,28534,588,548,663,3934,30,13,119173,4455,14,15,1209,23148,114836,12,17176,17266],"class_list":{"0":"post-465961","1":"post","2":"type-post","3":"status-publish","4":"format-standard","5":"has-post-thumbnail","7":"category-moenchengladbach","8":"tag-bargeld","9":"tag-beschlagnahmt","10":"tag-de","11":"tag-deutschland","12":"tag-durchgefuehrt","13":"tag-einsatz","14":"tag-eu","15":"tag-europa","16":"tag-europe","17":"tag-germany","18":"tag-headlines","19":"tag-lsd","20":"tag-moenchengladbach","21":"tag-nachrichten","22":"tag-news","23":"tag-nordrhein-westfalen","24":"tag-personen","25":"tag-platzverweise","26":"tag-schlagzeilen","27":"tag-tabletten","28":"tag-vorlaeufig"},"share_on_mastodon":{"url":"https:\/\/pubeurope.com\/@de\/115301536552547419","error":""},"_links":{"self":[{"href":"https:\/\/www.europesays.com\/de\/wp-json\/wp\/v2\/posts\/465961","targetHints":{"allow":["GET"]}}],"collection":[{"href":"https:\/\/www.europesays.com\/de\/wp-json\/wp\/v2\/posts"}],"about":[{"href":"https:\/\/www.europesays.com\/de\/wp-json\/wp\/v2\/types\/post"}],"author":[{"embeddable":true,"href":"https:\/\/www.europesays.com\/de\/wp-json\/wp\/v2\/users\/2"}],"replies":[{"embeddable":true,"href":"https:\/\/www.europesays.com\/de\/wp-json\/wp\/v2\/comments?post=465961"}],"version-history":[{"count":0,"href":"https:\/\/www.europesays.com\/de\/wp-json\/wp\/v2\/posts\/465961\/revisions"}],"wp:featuredmedia":[{"embeddable":true,"href":"https:\/\/www.europesays.com\/de\/wp-json\/wp\/v2\/media\/465962"}],"wp:attachment":[{"href":"https:\/\/www.europesays.com\/de\/wp-json\/wp\/v2\/media?parent=465961"}],"wp:term":[{"taxonomy":"category","embeddable":true,"href":"https:\/\/www.europesays.com\/de\/wp-json\/wp\/v2\/categories?post=465961"},{"taxonomy":"post_tag","embeddable":true,"href":"https:\/\/www.europesays.com\/de\/wp-json\/wp\/v2\/tags?post=465961"}],"curies":[{"name":"wp","href":"https:\/\/api.w.org\/{rel}","templated":true}]}}