{"id":466425,"date":"2025-10-02T03:49:19","date_gmt":"2025-10-02T03:49:19","guid":{"rendered":"https:\/\/www.europesays.com\/de\/466425\/"},"modified":"2025-10-02T03:49:19","modified_gmt":"2025-10-02T03:49:19","slug":"sg-flensburg-handewitt-besiegt-rhein-neckar-loewen","status":"publish","type":"post","link":"https:\/\/www.europesays.com\/de\/466425\/","title":{"rendered":"SG Flensburg-Handewitt besiegt Rhein-Neckar L\u00f6wen"},"content":{"rendered":"<p class=\"\">\n                    Flensburger Heiterkeit in Heidelberg: Mit einem 38:32 (18:18)-Sieg in der H\u00f6hle der Rhein-Neckar L\u00f6wen haben die Handballer der SG Flensburg-Handewitt die erste Feuerprobe der Saison bravour\u00f6s gemeistert und sind ins Achtelfinale des DHB-Pokals eingezogen. Der Traum vom Titel in K\u00f6ln lebt.\n            <\/p>\n<p class=\"\">\n                    Als gr\u00f6\u00dfter L\u00f6wenb\u00e4ndiger erwies sich dabei Torh\u00fcter Benjamin Buric, der mit 15\/2 Paraden zum Vater dieses Prestigeerfolges der Flensburger gegen ihren ehemaligen Trainer Maik Machulla avancierte. \u201eWir haben in der zweiten Halbzeit richtig gut gespielt und verdient gewonnen\u201c, sagte der Matchwinner. \u201eEntscheidend war, dass wir in der Pause ruhig geblieben sind und weiter an uns geglaubt haben.\u201c\n            <\/p>\n<p class=\"\">\n                    Energiegeladen, effektiv und erfolgreich: So pr\u00e4sentierten sich zu Beginn die Flensburger, die im SNP Dome einen Start nach Ma\u00df erwischten. Als Sinnbild daf\u00fcr diente Kent Robin T\u00f6nnesen, der eine famose erste Viertelstunde ablieferte. Alles, was der 34-j\u00e4hrige Norweger zun\u00e4chst anfasste, wurde zu Gold: Sechs Tore bei sechs W\u00fcrfen, dazu noch zwei Anspiele \u2013 der Linksh\u00e4nder hatte gro\u00dfen Anteil daran, dass die G\u00e4ste ein 12:7 (17.) vorlegten und drauf und dran waren, den L\u00f6wen schnell den Zahn zu ziehen.\n            <\/p>\n<p class=\"\">\n                    Aber: So gut das erste \u201eViertel\u201c aus SG-Sicht war, so bescheiden verlief dann das zweite. Was zur Folge hatte, dass die Gastgeber Tor um Tor aufholten, zum 15:15 (25.) ausglichen und beim 17:16 (28.) gar erstmalig in Front gingen.\n            <\/p>\n<p class=\"\"><a href=\"https:\/\/www.shz.de\/sport\/sg-flensburg-handewitt\/artikel\/sg-im-liveblog-keeper-kevin-moeller-verlaesst-die-sg-flensburg-handewitt-vorzeitig-47652653\" class=\"link underline-blue\" title=\"\" target=\"_blank\" rel=\"noopener\">Die Saison der SG Flensburg-Handewitt im Liveblog<\/a><\/p>\n<p class=\"\">\n                    Die Gr\u00fcnde f\u00fcr den Umschwung: Mike Jensen im L\u00f6wen-Tor z\u00fcndete, w\u00e4hrend Simon Pytlick und Lasse M\u00f6ller im Flensburger R\u00fcckraum m\u00fcde wurden und zu viele Fehler produzierten. Zudem fehlte Marko Grgic bei seinem Comeback zun\u00e4chst das Timing und das Selbstvertrauen.\n            <\/p>\n<p>\n                                Marko Grgic (SG Flensburg-Handewitt) in Aktion.<br \/>\n                            Foto: Ingrid Anderson-Jensen<\/p>\n<p><img decoding=\"async\" src=\"https:\/\/www.europesays.com\/de\/wp-content\/uploads\/2025\/10\/20251001-iaj12852.jpg\" title=\"Marko Grgic (SG Flensburg-Handewitt) in Aktion.\" alt=\"Marko Grgic (SG Flensburg-Handewitt) in Aktion.\" class=\"lightbox__single-image__content__image-wrapper__img\" loading=\"lazy\" width=\"375\" height=\"289\"\/>Icon MaximizeIcon Lightbox Maximize<\/p>\n<p>SchliessenX ZeichenKleines Zeichen welches ein X symbolisiert<\/p>\n<p><img class=\"lightbox--enabled__container__image-wrapper__img\" alt=\"\"\/><\/p>\n<p class=\"\">\n                    Nach dem Seitenwechsel blieb es eine Partie mit hoher Intensit\u00e4t. Sie h\u00e4tte gut und gerne auch als Halbfinal-Duell in der K\u00f6lner Lanxess Arena dienen k\u00f6nnen.\n            <\/p>\n<p class=\"\">\n                    Gut f\u00fcr die Flensburger, dass die L\u00f6wen Keeper Sp\u00e4th und Jensen v\u00f6llig abbauten, w\u00e4hrend SG-Schlussmann Benjamin Buric \u201eon fire\u201c blieb. Bitter f\u00fcr die Flensburger, dass beim Stande von 24:22 Pytlick ein sauberer Steal am Anwurfkreis gelang, er aber f\u00fcr die Aktion irrt\u00fcmlicherweise mit einer Zeitstrafe bedacht wurde.\n            <\/p>\n<p>\n                                Kent Robin T\u00f6nnesen (SG Flensburg-Handewitt) beim Wurf.<br \/>\n                            Foto: Ingrid Anderson-Jensen<\/p>\n<p><img decoding=\"async\" src=\"https:\/\/www.europesays.com\/de\/wp-content\/uploads\/2025\/10\/20251001-iaj11710.jpg\" title=\"Kent Robin T\u00f6nnesen (SG Flensburg-Handewitt) beim Wurf.\" alt=\"Kent Robin T\u00f6nnesen (SG Flensburg-Handewitt) beim Wurf.\" class=\"lightbox__single-image__content__image-wrapper__img\" loading=\"lazy\" width=\"375\" height=\"468\"\/>Icon MaximizeIcon Lightbox Maximize<\/p>\n<p>SchliessenX ZeichenKleines Zeichen welches ein X symbolisiert<\/p>\n<p><img class=\"lightbox--enabled__container__image-wrapper__img\" alt=\"\"\/><\/p>\n<p class=\"\">\n                    Das brachte die G\u00e4ste allerdings nicht aus dem Konzept. Im Gegenteil. Jetzt lief neben Buric auch der Flensburger R\u00fcckraum hei\u00df. Als Marko Grgic mit seinem ersten Tor das 25:22 (44.) erzielte und sp\u00e4ter Lasse M\u00f6ller auf 30:25 (50.) stellte, war der Weg in die n\u00e4chste Runde geebnet. In der Schlussphase blieb die SG am Dr\u00fccker. Wer sonst als Buric machte mit einer Parade gegen Thrastarson (56.) den Deckel drauf.\n            <\/p>\n<p class=\"\">\n                    \u201eWir haben heute eine gute 6:0-Abwehr gespielt\u201c, freute sich SG-Trainer Ales Pajovic, der nat\u00fcrlich ein Sonderlob an Benjamin Buric (\u201eEr war unglaublich\u201c) verteilte. Weiter meinte der Slowene: \u201eDas sah heute gut aus. Aber wir k\u00f6nnen noch besser spielen.\u201c\n            <\/p>\n<p>Mehr Informationen:<\/p>\n<p>Rhein-Neckar L\u00f6wen &#8211; SG Flensburg-Handewitt 32:38 (18:18)gr\u00f6\u00dfer alsGr\u00f6\u00dfer als Zeichen<\/p>\n<p class=\"\">\n                    <b>Rhein-Neckar L\u00f6wen:<\/b>\u00a0Jensen (16.-40. und ab 47., 7 Paraden), Sp\u00e4th (2 P.) \u2013 Larson, Timmermeister, Nothdurft, Plucnar, Sandell (3), Heymann, Steenaerts, Mor\u00e9 (7\/2), Groetzki (4), Thrastarson (7), Jaganjac (1), Baijens (1), Aspenb\u00e4ck (1), Kohlbacher (8)<\/p>\n<p><b>SG Flensburg-Handewitt:<\/b>\u00a0Buric (15\/2 Paraden), K. M\u00f6ller (n.e.) \u2013 Pytlick (3), Golla (5), Kirkel\u00f6kke (1), Grgic (5), T\u00f6nnesen (7), J\u00f6rgensen (1), Horgen (n.e.), Volz (n.e.), Jakobsen (7\/3), Knutzen (n.e.), Blagotinsek, Novak (2), L. M\u00f6ller (7)<\/p>\n<p><b>Schiedsrichter:<\/b>\u00a0Krag\/Hurst<\/p>\n<p><b>Zuschauer:<\/b>\u00a04000 in Heidelberg (ausverkauft)<\/p>\n<p><b>Siebenmeter:<\/b>\u00a06\/2:3\/3 \u2013<b>\u00a0Zeitstrafen:<\/b>\u00a01:2\n            <\/p>\n","protected":false},"excerpt":{"rendered":"Flensburger Heiterkeit in Heidelberg: Mit einem 38:32 (18:18)-Sieg in der H\u00f6hle der Rhein-Neckar L\u00f6wen haben die Handballer der&hellip;\n","protected":false},"author":2,"featured_media":466426,"comment_status":"","ping_status":"","sticky":false,"template":"","format":"standard","meta":{"footnotes":""},"categories":[1840],"tags":[3364,26996,29,34967,30,2476,31578,1420,10053,119244,1209,9949,26998,4418],"class_list":{"0":"post-466425","1":"post","2":"type-post","3":"status-publish","4":"format-standard","5":"has-post-thumbnail","7":"category-wuppertal","8":"tag-de","9":"tag-deutsche-meisterschaften","10":"tag-deutschland","11":"tag-europameisterschaften","12":"tag-germany","13":"tag-heidelberg","14":"tag-horgen","15":"tag-koeln","16":"tag-loewen","17":"tag-maik-machulla","18":"tag-nordrhein-westfalen","19":"tag-sg-flensburg-handewitt","20":"tag-sportergebnis","21":"tag-wuppertal"},"share_on_mastodon":{"url":"https:\/\/pubeurope.com\/@de\/115302535635885589","error":""},"_links":{"self":[{"href":"https:\/\/www.europesays.com\/de\/wp-json\/wp\/v2\/posts\/466425","targetHints":{"allow":["GET"]}}],"collection":[{"href":"https:\/\/www.europesays.com\/de\/wp-json\/wp\/v2\/posts"}],"about":[{"href":"https:\/\/www.europesays.com\/de\/wp-json\/wp\/v2\/types\/post"}],"author":[{"embeddable":true,"href":"https:\/\/www.europesays.com\/de\/wp-json\/wp\/v2\/users\/2"}],"replies":[{"embeddable":true,"href":"https:\/\/www.europesays.com\/de\/wp-json\/wp\/v2\/comments?post=466425"}],"version-history":[{"count":0,"href":"https:\/\/www.europesays.com\/de\/wp-json\/wp\/v2\/posts\/466425\/revisions"}],"wp:featuredmedia":[{"embeddable":true,"href":"https:\/\/www.europesays.com\/de\/wp-json\/wp\/v2\/media\/466426"}],"wp:attachment":[{"href":"https:\/\/www.europesays.com\/de\/wp-json\/wp\/v2\/media?parent=466425"}],"wp:term":[{"taxonomy":"category","embeddable":true,"href":"https:\/\/www.europesays.com\/de\/wp-json\/wp\/v2\/categories?post=466425"},{"taxonomy":"post_tag","embeddable":true,"href":"https:\/\/www.europesays.com\/de\/wp-json\/wp\/v2\/tags?post=466425"}],"curies":[{"name":"wp","href":"https:\/\/api.w.org\/{rel}","templated":true}]}}