{"id":466481,"date":"2025-10-02T04:18:16","date_gmt":"2025-10-02T04:18:16","guid":{"rendered":"https:\/\/www.europesays.com\/de\/466481\/"},"modified":"2025-10-02T04:18:16","modified_gmt":"2025-10-02T04:18:16","slug":"tribute-to-arvo-paert-mdr-rundfunkchor-und-howard-arman-im-nachtgesang-am-24-10-in-leipzig","status":"publish","type":"post","link":"https:\/\/www.europesays.com\/de\/466481\/","title":{"rendered":"&#8222;Tribute to Arvo P\u00e4rt&#8220;: MDR-Rundfunkchor und Howard Arman im Nachtgesang am 24.10. in Leipzig"},"content":{"rendered":"<p class=\"text\">\nZu Ehren von Arvo P\u00e4rt hat Arman ein Programm zusammengestellt, das den Jubilar in den Mittelpunkt r\u00fcckt. Zu h\u00f6ren sind unter anderem seine Werke &#8222;Which was the son of&#8230;&#8220; und &#8222;Nunc dimittis&#8220;. Dazu singt der <a href=\"https:\/\/www.mdr.de\/klassik\/mdr-rundfunkchor\/hauptseite-mdr-rundfunkchor100.html\" title=\"MDR-Rundfunkchor\" rel=\"nofollow noopener\" target=\"_blank\">MDR-Rundfunkchor<\/a> passende Werke von Gustav Holst, dem Renaissance-Komponisten Heinrich Isaac und Arman selbst sowie eine Urauff\u00fchrung von Michael Ostrzyga, die zu diesem Anlass entstanden ist.\n<\/p>\n<p class=\"text\">\nMDR KULTUR und MDR KLASSIK senden das Konzert am Sonntag, 9. November 2025, ab 21.00 Uhr in ihren Programmen. Danach ist es auf mdr-klassik.de nachzuh\u00f6ren.<\/p>\n","protected":false},"excerpt":{"rendered":"Zu Ehren von Arvo P\u00e4rt hat Arman ein Programm zusammengestellt, das den Jubilar in den Mittelpunkt r\u00fcckt. Zu&hellip;\n","protected":false},"author":2,"featured_media":466482,"comment_status":"","ping_status":"","sticky":false,"template":"","format":"standard","meta":{"footnotes":"","_share_on_mastodon":"0"},"categories":[1832],"tags":[119252,119258,53610,67909,19701,3364,29,30,35119,119256,119254,3711,91,1310,2315,3712,3709,71,81,3708,119257,810,3710,119253,119255,58887,99691,859],"class_list":["post-466481","post","type-post","status-publish","format-standard","has-post-thumbnail","category-leipzig","tag-24-10-25","tag-90-geburtstag","tag-a-cappella","tag-arvo-paert","tag-chor","tag-de","tag-deutschland","tag-germany","tag-gesang","tag-gustav-holst","tag-howard-arman","tag-klangkoerper","tag-klassik","tag-konzert","tag-konzerte","tag-konzertkalender","tag-konzertsaison","tag-leipzig","tag-mdr","tag-mdr-konzerte","tag-michael-ostrzyga","tag-musik","tag-musiksommer","tag-nachtgesang","tag-nunc-dimittis","tag-peterskirche","tag-rundfunkchor","tag-sachsen"],"share_on_mastodon":{"url":"https:\/\/pubeurope.com\/@de\/115302649405586449","error":""},"_links":{"self":[{"href":"https:\/\/www.europesays.com\/de\/wp-json\/wp\/v2\/posts\/466481","targetHints":{"allow":["GET"]}}],"collection":[{"href":"https:\/\/www.europesays.com\/de\/wp-json\/wp\/v2\/posts"}],"about":[{"href":"https:\/\/www.europesays.com\/de\/wp-json\/wp\/v2\/types\/post"}],"author":[{"embeddable":true,"href":"https:\/\/www.europesays.com\/de\/wp-json\/wp\/v2\/users\/2"}],"replies":[{"embeddable":true,"href":"https:\/\/www.europesays.com\/de\/wp-json\/wp\/v2\/comments?post=466481"}],"version-history":[{"count":0,"href":"https:\/\/www.europesays.com\/de\/wp-json\/wp\/v2\/posts\/466481\/revisions"}],"wp:featuredmedia":[{"embeddable":true,"href":"https:\/\/www.europesays.com\/de\/wp-json\/wp\/v2\/media\/466482"}],"wp:attachment":[{"href":"https:\/\/www.europesays.com\/de\/wp-json\/wp\/v2\/media?parent=466481"}],"wp:term":[{"taxonomy":"category","embeddable":true,"href":"https:\/\/www.europesays.com\/de\/wp-json\/wp\/v2\/categories?post=466481"},{"taxonomy":"post_tag","embeddable":true,"href":"https:\/\/www.europesays.com\/de\/wp-json\/wp\/v2\/tags?post=466481"}],"curies":[{"name":"wp","href":"https:\/\/api.w.org\/{rel}","templated":true}]}}