{"id":466641,"date":"2025-10-02T05:48:12","date_gmt":"2025-10-02T05:48:12","guid":{"rendered":"https:\/\/www.europesays.com\/de\/466641\/"},"modified":"2025-10-02T05:48:12","modified_gmt":"2025-10-02T05:48:12","slug":"koeln-ueberfall-in-muelheim-taeter-setzt-sich-selbst-ausser-gefecht","status":"publish","type":"post","link":"https:\/\/www.europesays.com\/de\/466641\/","title":{"rendered":"K\u00f6ln: \u00dcberfall in M\u00fclheim \u2013 T\u00e4ter setzt sich selbst au\u00dfer Gefecht"},"content":{"rendered":"<p class=\"dm-paragraph my-8 dm-article-content-width\" index=\"0\" should-collapse-on-mobile=\"true\" hydrate-on-idle=\"\" has-padding=\"\" data-v-586984a4=\"\">Am Mittwochnachmittag (1. Oktober 2025) hat ein Mann versucht, ein Juweliergesch\u00e4ft auf der Keupstra\u00dfe im Stadtteil M\u00fclheim zu \u00fcberfallen. Der Versuch scheiterte jedoch.<\/p>\n<p class=\"dm-paragraph my-8 dm-article-content-width\" index=\"1\" should-collapse-on-mobile=\"true\" hydrate-on-idle=\"\" has-padding=\"\" data-v-586984a4=\"\">Der Mann bedrohte eine Angestellte mit Pfefferspray und wollte Schmuck aus der Auslage stehlen. Wie <a href=\"http:\/\/radiokoeln.de\/artikel\/versuchter-raub-auf-juwelier-geschaeft-in-muelheim-2456559.html\" rel=\"nofollow noopener\" target=\"_blank\">\u201eRadio K\u00f6ln\u201c<\/a> berichtet, spr\u00fchte sich der T\u00e4ter bei dem Versuch, das Reizgas einzusetzen, jedoch selbst ins Gesicht.<\/p>\n<p class=\"dm-paragraph my-8 dm-article-content-width\" index=\"2\" should-collapse-on-mobile=\"true\" hydrate-on-idle=\"\" has-padding=\"\" data-v-586984a4=\"\">Die mutige Mitarbeiterin nutzte die Verwirrung des Mannes, hielt ihn auf und rief laut um Hilfe. Ihre Rufe machten mehrere Passantinnen und Passanten auf die Situation aufmerksam.<\/p>\n<p class=\"dm-paragraph my-8 dm-article-content-width\" index=\"3\" should-collapse-on-mobile=\"true\" hydrate-on-idle=\"\" has-padding=\"\" data-v-586984a4=\"\">Sie eilten in den Laden, \u00fcberw\u00e4ltigten den Mann gemeinsam und hielten ihn fest, bis die alarmierte Polizei eintraf. Der Tatverd\u00e4chtige wurde vorl\u00e4ufig festgenommen. (red)<\/p>\n","protected":false},"excerpt":{"rendered":"Am Mittwochnachmittag (1. Oktober 2025) hat ein Mann versucht, ein Juweliergesch\u00e4ft auf der Keupstra\u00dfe im Stadtteil M\u00fclheim zu&hellip;\n","protected":false},"author":2,"featured_media":466642,"comment_status":"","ping_status":"","sticky":false,"template":"","format":"standard","meta":{"footnotes":""},"categories":[1828],"tags":[29,30,1420,1209],"class_list":{"0":"post-466641","1":"post","2":"type-post","3":"status-publish","4":"format-standard","5":"has-post-thumbnail","7":"category-koeln","8":"tag-deutschland","9":"tag-germany","10":"tag-koeln","11":"tag-nordrhein-westfalen"},"share_on_mastodon":{"url":"https:\/\/pubeurope.com\/@de\/115303003210924427","error":""},"_links":{"self":[{"href":"https:\/\/www.europesays.com\/de\/wp-json\/wp\/v2\/posts\/466641","targetHints":{"allow":["GET"]}}],"collection":[{"href":"https:\/\/www.europesays.com\/de\/wp-json\/wp\/v2\/posts"}],"about":[{"href":"https:\/\/www.europesays.com\/de\/wp-json\/wp\/v2\/types\/post"}],"author":[{"embeddable":true,"href":"https:\/\/www.europesays.com\/de\/wp-json\/wp\/v2\/users\/2"}],"replies":[{"embeddable":true,"href":"https:\/\/www.europesays.com\/de\/wp-json\/wp\/v2\/comments?post=466641"}],"version-history":[{"count":0,"href":"https:\/\/www.europesays.com\/de\/wp-json\/wp\/v2\/posts\/466641\/revisions"}],"wp:featuredmedia":[{"embeddable":true,"href":"https:\/\/www.europesays.com\/de\/wp-json\/wp\/v2\/media\/466642"}],"wp:attachment":[{"href":"https:\/\/www.europesays.com\/de\/wp-json\/wp\/v2\/media?parent=466641"}],"wp:term":[{"taxonomy":"category","embeddable":true,"href":"https:\/\/www.europesays.com\/de\/wp-json\/wp\/v2\/categories?post=466641"},{"taxonomy":"post_tag","embeddable":true,"href":"https:\/\/www.europesays.com\/de\/wp-json\/wp\/v2\/tags?post=466641"}],"curies":[{"name":"wp","href":"https:\/\/api.w.org\/{rel}","templated":true}]}}