{"id":466663,"date":"2025-10-02T05:59:10","date_gmt":"2025-10-02T05:59:10","guid":{"rendered":"https:\/\/www.europesays.com\/de\/466663\/"},"modified":"2025-10-02T05:59:10","modified_gmt":"2025-10-02T05:59:10","slug":"fachleute-erwarten-weiteren-angebotsrueckgang-bei-guenstigen-mietwohnungen","status":"publish","type":"post","link":"https:\/\/www.europesays.com\/de\/466663\/","title":{"rendered":"Fachleute erwarten weiteren Angebotsr\u00fcckgang bei g\u00fcnstigen Mietwohnungen"},"content":{"rendered":"<p class=\"tspBPlp tspBPlq\">Branchenfachleute rechnen einer Umfrage zufolge in den kommenden Jahren mit einem weiteren Angebotsr\u00fcckgang bei Mietwohnungen. Insbesondere im unteren und mittleren Preissegment d\u00fcrfte es damit immer schwieriger werden, etwas zu finden. Das geht aus dem aktuellen Wohnungsmarktbarometer der Investitionsbank Berlin (IBB) hervor. Demnach bleibt die Lage auf dem Mietmarkt der Hauptstadt aufgrund eines zu niedrigen Angebots \u00e4u\u00dferst angespannt.\u00a0<\/p>\n<p class=\"tspBPlp\">Lediglich im obersten Preissegment, das Nettokaltmieten ab 20 Euro pro Quadratmeter umfasst, gebe es erstmals seit vielen Jahren ein ausgewogenes Verh\u00e4ltnis zwischen Angebot und Nachfrage, schreibt die IBB. Das d\u00fcrfte demnach auch in den kommenden Jahren der Fall bleiben.\u00a0<\/p>\n<p class=\"tspBPlp\">Die gr\u00f6\u00dfte Nachfrage gibt es dem Bericht zufolge bei mittelgro\u00dfen Wohnungen zwischen 70 und 100 Quadratmetern. Insbesondere im unteren und mittleren Preissegment fehlen hier entsprechende Wohnungen f\u00fcr eine Beruhigung der Marktlage. Versch\u00e4rft wird dort die Situation durch den zunehmenden R\u00fcckgang bei der Zahl von Sozialwohnungen, weil f\u00fcr sie die Sozialbindung wegf\u00e4llt.\u00a0<\/p>\n<p> Mehr zum Berliner Wohnungsmarkt: <a href=\"https:\/\/www.tagesspiegel.de\/berlin\/berliner-wirtschaft\/offizielle-prufstelle-zieht-bilanz-90-prozent-der-gepruften-mieten-in-berlin-zu-hoch-14434334.html?icid=topic-list_14448194___\" data-gtm-class=\"article-mzt-link\" class=\"tspB1mf\" rel=\"nofollow noopener\" target=\"_blank\">Offizielle Pr\u00fcfstelle zieht Bilanz 90 Prozent der gepr\u00fcften Mieten in Berlin zu hoch <\/a><a href=\"https:\/\/www.tagesspiegel.de\/berlin\/entgegen-dem-bundestrend-mieten-fur-studierende-in-berlin-erstmals-leicht-gesunken-14439485.html?icid=topic-list_14448194___\" data-gtm-class=\"article-mzt-link\" class=\"tspB1mf\" rel=\"nofollow noopener\" target=\"_blank\">Entgegen dem Bundestrend Mieten f\u00fcr Studierende in Berlin erstmals leicht gesunken <\/a><a href=\"https:\/\/www.tagesspiegel.de\/berlin\/berliner-wirtschaft\/1200-euro-fur-123-quadratmeter-in-berlin-da-ziehst-du-nicht-aus-wenn-platzverschwendern-der-rauswurf-droht-14352800.html?icid=topic-list_14448194___\" data-gtm-class=\"article-mzt-link\" class=\"tspB1mf\" rel=\"nofollow noopener\" target=\"_blank\">\u201e1200 Euro f\u00fcr 123 Quadratmeter in Berlin, da ziehst du nicht aus\u201c Wenn Platzverschwendern der Rauswurf droht <\/a><\/p>\n<p class=\"tspBPlp\">Ein zentrales Problem f\u00fcr die Schaffung von mehr Wohnraum bleiben dem Bericht zufolge die hohen Baukosten. Zudem bremsten Auflagen und lange Baugenehmigungsverfahren Bauvorhaben aus.\u00a0<\/p>\n<p class=\"tspBPlp\">F\u00fcr die Markteinsch\u00e4tzung hat die IBB rund 200 Fachleute befragt, die unter anderem bei Wohnungsunternehmen, in der Wissenschaft, Politik, bei Banken, Hausverwaltungen und Immobilienmaklern t\u00e4tig sind. (dpa)<\/p>\n","protected":false},"excerpt":{"rendered":"Branchenfachleute rechnen einer Umfrage zufolge in den kommenden Jahren mit einem weiteren Angebotsr\u00fcckgang bei Mietwohnungen. Insbesondere im unteren&hellip;\n","protected":false},"author":2,"featured_media":466664,"comment_status":"","ping_status":"","sticky":false,"template":"","format":"standard","meta":{"footnotes":""},"categories":[1825],"tags":[296,29,30,18250],"class_list":{"0":"post-466663","1":"post","2":"type-post","3":"status-publish","4":"format-standard","5":"has-post-thumbnail","7":"category-berlin","8":"tag-berlin","9":"tag-deutschland","10":"tag-germany","11":"tag-wohnungswirtschaft"},"share_on_mastodon":{"url":"https:\/\/pubeurope.com\/@de\/115303046636327834","error":""},"_links":{"self":[{"href":"https:\/\/www.europesays.com\/de\/wp-json\/wp\/v2\/posts\/466663","targetHints":{"allow":["GET"]}}],"collection":[{"href":"https:\/\/www.europesays.com\/de\/wp-json\/wp\/v2\/posts"}],"about":[{"href":"https:\/\/www.europesays.com\/de\/wp-json\/wp\/v2\/types\/post"}],"author":[{"embeddable":true,"href":"https:\/\/www.europesays.com\/de\/wp-json\/wp\/v2\/users\/2"}],"replies":[{"embeddable":true,"href":"https:\/\/www.europesays.com\/de\/wp-json\/wp\/v2\/comments?post=466663"}],"version-history":[{"count":0,"href":"https:\/\/www.europesays.com\/de\/wp-json\/wp\/v2\/posts\/466663\/revisions"}],"wp:featuredmedia":[{"embeddable":true,"href":"https:\/\/www.europesays.com\/de\/wp-json\/wp\/v2\/media\/466664"}],"wp:attachment":[{"href":"https:\/\/www.europesays.com\/de\/wp-json\/wp\/v2\/media?parent=466663"}],"wp:term":[{"taxonomy":"category","embeddable":true,"href":"https:\/\/www.europesays.com\/de\/wp-json\/wp\/v2\/categories?post=466663"},{"taxonomy":"post_tag","embeddable":true,"href":"https:\/\/www.europesays.com\/de\/wp-json\/wp\/v2\/tags?post=466663"}],"curies":[{"name":"wp","href":"https:\/\/api.w.org\/{rel}","templated":true}]}}