{"id":466665,"date":"2025-10-02T06:00:17","date_gmt":"2025-10-02T06:00:17","guid":{"rendered":"https:\/\/www.europesays.com\/de\/466665\/"},"modified":"2025-10-02T06:00:17","modified_gmt":"2025-10-02T06:00:17","slug":"radikale-veraenderung-pamela-anderson-trennt-sich-von-ikonischer-haarfarbe","status":"publish","type":"post","link":"https:\/\/www.europesays.com\/de\/466665\/","title":{"rendered":"Radikale Ver\u00e4nderung: Pamela Anderson trennt sich von ikonischer Haarfarbe"},"content":{"rendered":"<p>Pamela Anderson<br \/>\nHollywoods ikonischste Blondine trennt sich von ihrem Markenzeichen<\/p>\n<p><img class=\"image image-element__image\"   src=\"https:\/\/www.europesays.com\/de\/wp-content\/uploads\/2025\/10\/pamela-anderson-natuerlich.jpg\" alt=\"Pamela Anderson ungeschminkt\" decoding=\"async\" fetchpriority=\"high\" loading=\"eager\"\/><br \/>\n<a href=\"https:\/\/image.gala.de\/24462614\/t\/L3\/v4\/w2048\/r1.5\/-\/pamela-anderson-natuerlich.jpg#Francois%20G.%20Durand%20%2F%20Getty%20Images\" class=\"image__magnifier\" aria-label=\"Vergr\u00f6\u00dfern\" rel=\"nofollow noopener\" target=\"_blank\"><\/p>\n<p> Seit ein paar Jahren setzt <a href=\"https:\/\/www.gala.de\/stars\/starportraets\/pamela-anderson-20510254.html\" data-article-type=\"star-portrait\" rel=\"nofollow noopener\" target=\"_blank\">Pamela Anderson<\/a> nun schon auf den nat\u00fcrlichen Look. <\/p>\n<p>\u00a9 Francois G. Durand \/ Getty Images<\/p>\n<p>\nvon Lara Zippel\n<\/p>\n<p>02.10.2025, 07:00 Uhr<\/p>\n<p>\nPamela Anderson galt jahrelang als eine der ber\u00fchmtesten Blondinen Hollywoods. Doch damit ist jetzt Schluss! Im Rahmen der Paris Fashion Week zeigt sie sich mit neuer Haarfarbe. <\/p>\n<p class=\"text-element u-richtext u-typo u-typo--article-text article__text-element text-element--context-article\"> <a class=\"link--person\" data-target-type=\"article\" href=\"https:\/\/www.gala.de\/stars\/starportraets\/pamela-anderson-20510254.html\" rel=\"nofollow noopener\" target=\"_blank\">Pamela Anderson<\/a>, 58, erlangt durch ihre Rolle der Casey in der Rettungsschwimmer-Serie &#8222;Baywatch&#8220; weltweite Ber\u00fchmtheit. Nach ihrem Ausstieg sorgt Pamela Anderson regelm\u00e4\u00dfig in den Medien f\u00fcr pikante Schlagzeilen. Insbesondere ihre turbulente Ehe mit Schlagzeuger Tommy Lee, die 1998 endete, ist h\u00e4ufig Thema der Medienberichte. Neben Andersons legend\u00e4rem roten Badeanzug und ihrer gro\u00dfen Oberweite, ist ihre blonde Haarm\u00e4hne das charakteristische Markenzeichen der Schauspielerin. Doch damit ist nun Schluss.<\/p>\n<p>Pamela Anderson \u00fcberrascht mit neuer Trendhaarfarbe<\/p>\n<p class=\"text-element u-richtext u-typo u-typo--article-text article__text-element text-element--context-article\"> F\u00fcr ein Event des &#8222;Vogue&#8220;-Magazins im Rahmen der Pariser Fashion Week zeigt sich die Schauspielerin komplett ver\u00e4ndert \u2013 ganz ohne ihre typischen hell blondierten Haare. Stattdessen schimmern ihre Haare jetzt in der Trendfarbe Kupferrot. Der kurze Schnitt im Fransenlook wird von leichten Curtain Bangs vervollst\u00e4ndigt.<\/p>\n<p class=\"text-element u-richtext u-typo u-typo--article-text article__text-element text-element--context-article\"> F\u00fcr Andersons Typver\u00e4nderung soll der Pariser Starfriseur John Nollet gesorgt haben. Ob auch ihre Rolle im neuen Hollywood-Streifen &#8222;Love is Not the Answer&#8220;, in dem Anderson an der Seite von Steve Coogan zu sehen sein wird, ein Grund f\u00fcr die Haartransformation sein k\u00f6nnte? Der neue Look der Schauspielerin scheint auf jeden Fall gut anzukommen. &#8222;Das Rot bringt ihre Haut richtig zum Strahlen&#8220; oder &#8222;Die Farbe sieht wundersch\u00f6n aus an dir&#8220; schreiben Fans auf Instagram.<\/p>\n<p>Nicht ihre erste Typver\u00e4nderung<\/p>\n<p class=\"text-element u-richtext u-typo u-typo--article-text article__text-element text-element--context-article\"> Die neue Haarfarbe ist nicht die erste Typver\u00e4nderung, die Pamela Anderson in den letzten Jahren vollzogen hat. Schon 1999 lie\u00df sich die Schauspielerin ihre Brustimplantate entfernen. Seit 2023 hat sie dem Make-up komplett abgeschworen und schminkt sich selten f\u00fcr \u00f6ffentliche Auftritte. Mit ihrem ersten ungeschminkten Auftritt bei der Pariser Fashion Week im Jahr 2023 wollte sie laut eigener Aussage ein Statement f\u00fcr nat\u00fcrliche Sch\u00f6nheit setzen, insbesondere f\u00fcr junge M\u00e4dchen. Ihre Haarver\u00e4nderung k\u00f6nnte ein weiterer Schritt in diese Richtung sein.<\/p>\n<p>\nGala\n<\/p>\n<p>#Themen<\/p>\n","protected":false},"excerpt":{"rendered":"Pamela Anderson Hollywoods ikonischste Blondine trennt sich von ihrem Markenzeichen Seit ein paar Jahren setzt Pamela Anderson nun&hellip;\n","protected":false},"author":2,"featured_media":466666,"comment_status":"","ping_status":"","sticky":false,"template":"","format":"standard","meta":{"footnotes":""},"categories":[1776],"tags":[1801,29,214,30,1802,215],"class_list":{"0":"post-466665","1":"post","2":"type-post","3":"status-publish","4":"format-standard","5":"has-post-thumbnail","7":"category-prominente","8":"tag-celebrities","9":"tag-deutschland","10":"tag-entertainment","11":"tag-germany","12":"tag-prominente","13":"tag-unterhaltung"},"share_on_mastodon":{"url":"https:\/\/pubeurope.com\/@de\/115303051373368260","error":""},"_links":{"self":[{"href":"https:\/\/www.europesays.com\/de\/wp-json\/wp\/v2\/posts\/466665","targetHints":{"allow":["GET"]}}],"collection":[{"href":"https:\/\/www.europesays.com\/de\/wp-json\/wp\/v2\/posts"}],"about":[{"href":"https:\/\/www.europesays.com\/de\/wp-json\/wp\/v2\/types\/post"}],"author":[{"embeddable":true,"href":"https:\/\/www.europesays.com\/de\/wp-json\/wp\/v2\/users\/2"}],"replies":[{"embeddable":true,"href":"https:\/\/www.europesays.com\/de\/wp-json\/wp\/v2\/comments?post=466665"}],"version-history":[{"count":0,"href":"https:\/\/www.europesays.com\/de\/wp-json\/wp\/v2\/posts\/466665\/revisions"}],"wp:featuredmedia":[{"embeddable":true,"href":"https:\/\/www.europesays.com\/de\/wp-json\/wp\/v2\/media\/466666"}],"wp:attachment":[{"href":"https:\/\/www.europesays.com\/de\/wp-json\/wp\/v2\/media?parent=466665"}],"wp:term":[{"taxonomy":"category","embeddable":true,"href":"https:\/\/www.europesays.com\/de\/wp-json\/wp\/v2\/categories?post=466665"},{"taxonomy":"post_tag","embeddable":true,"href":"https:\/\/www.europesays.com\/de\/wp-json\/wp\/v2\/tags?post=466665"}],"curies":[{"name":"wp","href":"https:\/\/api.w.org\/{rel}","templated":true}]}}