{"id":466971,"date":"2025-10-02T08:51:10","date_gmt":"2025-10-02T08:51:10","guid":{"rendered":"https:\/\/www.europesays.com\/de\/466971\/"},"modified":"2025-10-02T08:51:10","modified_gmt":"2025-10-02T08:51:10","slug":"so-lief-die-zweite-stefan-raab-show-bei-rtl","status":"publish","type":"post","link":"https:\/\/www.europesays.com\/de\/466971\/","title":{"rendered":"So lief die zweite &#8222;Stefan Raab Show&#8220; bei RTL"},"content":{"rendered":"<p class=\"text_ohne_einzug richtext text-em-55 !leading-serif mx-6 desktop:mx-0\">Was kommt nach Penis-Akrobaten und Muskelm\u00e4nnern (und einer Frau) als Hauptthema in einer Primetime-TV-Show? Richtig: die deutsch-t\u00fcrkische Freundschaft. Mit diesem Thema, das stundenlange Dokus und Reportagen f\u00fcllen k\u00f6nnte, ging der TV-Moderator in seiner zweiten langen Ausgabe der \u201eStefan Raab Show\u201c am Mittwoch bei <a href=\"https:\/\/rp-online.de\/thema\/rtl\/\" rel=\"nofollow noopener\" target=\"_blank\">RTL<\/a> auf Sendung, wobei der Begriff lang relativ ist. Zuschauer der vergangenen Sendungen, die schon die oben genannten Protagonisten ertragen mussten, bekamen \u2013 wie gehabt \u2013 Gewohntes zu sehen.<\/p>\n","protected":false},"excerpt":{"rendered":"Was kommt nach Penis-Akrobaten und Muskelm\u00e4nnern (und einer Frau) als Hauptthema in einer Primetime-TV-Show? Richtig: die deutsch-t\u00fcrkische Freundschaft.&hellip;\n","protected":false},"author":2,"featured_media":466972,"comment_status":"","ping_status":"","sticky":false,"template":"","format":"standard","meta":{"footnotes":"","_share_on_mastodon":"0"},"categories":[155],"tags":[72390,119373,19732,29,214,3911,30,119372,2876,46292,13527,48429,52243,215,18312],"class_list":["post-466971","post","type-post","status-publish","format-standard","has-post-thumbnail","category-unterhaltung","tag-anzug","tag-anzuegen","tag-deutsch","tag-deutschland","tag-entertainment","tag-freundschaft","tag-germany","tag-scharf","tag-sendung","tag-sendungen","tag-stefan-raab","tag-tuerken","tag-tuerkische","tag-unterhaltung","tag-zweiten"],"share_on_mastodon":{"url":"https:\/\/pubeurope.com\/@de\/115303722927062357","error":""},"_links":{"self":[{"href":"https:\/\/www.europesays.com\/de\/wp-json\/wp\/v2\/posts\/466971","targetHints":{"allow":["GET"]}}],"collection":[{"href":"https:\/\/www.europesays.com\/de\/wp-json\/wp\/v2\/posts"}],"about":[{"href":"https:\/\/www.europesays.com\/de\/wp-json\/wp\/v2\/types\/post"}],"author":[{"embeddable":true,"href":"https:\/\/www.europesays.com\/de\/wp-json\/wp\/v2\/users\/2"}],"replies":[{"embeddable":true,"href":"https:\/\/www.europesays.com\/de\/wp-json\/wp\/v2\/comments?post=466971"}],"version-history":[{"count":0,"href":"https:\/\/www.europesays.com\/de\/wp-json\/wp\/v2\/posts\/466971\/revisions"}],"wp:featuredmedia":[{"embeddable":true,"href":"https:\/\/www.europesays.com\/de\/wp-json\/wp\/v2\/media\/466972"}],"wp:attachment":[{"href":"https:\/\/www.europesays.com\/de\/wp-json\/wp\/v2\/media?parent=466971"}],"wp:term":[{"taxonomy":"category","embeddable":true,"href":"https:\/\/www.europesays.com\/de\/wp-json\/wp\/v2\/categories?post=466971"},{"taxonomy":"post_tag","embeddable":true,"href":"https:\/\/www.europesays.com\/de\/wp-json\/wp\/v2\/tags?post=466971"}],"curies":[{"name":"wp","href":"https:\/\/api.w.org\/{rel}","templated":true}]}}