{"id":46760,"date":"2025-04-20T11:42:33","date_gmt":"2025-04-20T11:42:33","guid":{"rendered":"https:\/\/www.europesays.com\/de\/46760\/"},"modified":"2025-04-20T11:42:33","modified_gmt":"2025-04-20T11:42:33","slug":"st-sebastianus-schuetzenbruderschaft-backt-brot-zum-jubilaeum","status":"publish","type":"post","link":"https:\/\/www.europesays.com\/de\/46760\/","title":{"rendered":"St.-Sebastianus-Sch\u00fctzenbruderschaft backt Brot zum Jubil\u00e4um"},"content":{"rendered":"<p class=\"text_ohne_einzug richtext text-em-55 !leading-serif mx-6 desktop:mx-0\"> Es schmeckt richtig gut: Das Innere leicht und locker, die gebr\u00e4unte Kruste herzhaft, aber nicht hart. Niemand kann mehr behaupten, die Kaarster Sankt Sebastianusbruderschaft bekomme nichts gebacken \u2013 das Jubil\u00e4umsbrot zum 575-j\u00e4hrigen Bestehen ist jedenfalls gelungen. Wurde im Februar schon das Jubil\u00e4umsbier vorgestellt, so soll das Brot die willkommene Erg\u00e4nzung bieten. Beim Vorkost-Termin in der B\u00e4ckerei Esser mundet das fertige Brot allen Beteiligten \u2013 ob mit oder ohne Butter.<\/p>\n","protected":false},"excerpt":{"rendered":"Es schmeckt richtig gut: Das Innere leicht und locker, die gebr\u00e4unte Kruste herzhaft, aber nicht hart. Niemand kann&hellip;\n","protected":false},"author":2,"featured_media":46761,"comment_status":"","ping_status":"","sticky":false,"template":"","format":"standard","meta":{"footnotes":"","_share_on_mastodon":"0"},"categories":[1849],"tags":[3464,2326,23064,11298,23074,23078,23061,3364,29,548,663,3934,30,13,3009,23071,23070,23068,23066,23072,16930,4455,14,15,1209,23063,23067,12,23062,23077,23079,23076,23075,17556,14975,23065,23073,23069],"class_list":["post-46760","post","type-post","status-publish","format-standard","has-post-thumbnail","category-moenchengladbach","tag-baeckerei","tag-bier","tag-breil","tag-brot","tag-brotkoenigin","tag-bruderschaft","tag-christian-esser","tag-de","tag-deutschland","tag-eu","tag-europa","tag-europe","tag-germany","tag-headlines","tag-jubilaeum","tag-jubilaeums","tag-jubilaeumsbier","tag-jubilaeumsbrot","tag-jubilaeumsjahres","tag-jungschuetzenzug","tag-kaarst","tag-moenchengladbach","tag-nachrichten","tag-news","tag-nordrhein-westfalen","tag-puppe","tag-schiffer","tag-schlagzeilen","tag-schuetze","tag-schuetzenbruderschaft","tag-schuetzenfest","tag-schuetzenfestes","tag-schuetzennachwuchs","tag-schuetzenvereins","tag-schuetzenwesen","tag-sebastianus","tag-sebastianusbrot","tag-sebastianusbruderschaft"],"share_on_mastodon":{"url":"","error":"Validation failed: Text character limit of 500 exceeded"},"_links":{"self":[{"href":"https:\/\/www.europesays.com\/de\/wp-json\/wp\/v2\/posts\/46760","targetHints":{"allow":["GET"]}}],"collection":[{"href":"https:\/\/www.europesays.com\/de\/wp-json\/wp\/v2\/posts"}],"about":[{"href":"https:\/\/www.europesays.com\/de\/wp-json\/wp\/v2\/types\/post"}],"author":[{"embeddable":true,"href":"https:\/\/www.europesays.com\/de\/wp-json\/wp\/v2\/users\/2"}],"replies":[{"embeddable":true,"href":"https:\/\/www.europesays.com\/de\/wp-json\/wp\/v2\/comments?post=46760"}],"version-history":[{"count":0,"href":"https:\/\/www.europesays.com\/de\/wp-json\/wp\/v2\/posts\/46760\/revisions"}],"wp:featuredmedia":[{"embeddable":true,"href":"https:\/\/www.europesays.com\/de\/wp-json\/wp\/v2\/media\/46761"}],"wp:attachment":[{"href":"https:\/\/www.europesays.com\/de\/wp-json\/wp\/v2\/media?parent=46760"}],"wp:term":[{"taxonomy":"category","embeddable":true,"href":"https:\/\/www.europesays.com\/de\/wp-json\/wp\/v2\/categories?post=46760"},{"taxonomy":"post_tag","embeddable":true,"href":"https:\/\/www.europesays.com\/de\/wp-json\/wp\/v2\/tags?post=46760"}],"curies":[{"name":"wp","href":"https:\/\/api.w.org\/{rel}","templated":true}]}}