{"id":467687,"date":"2025-10-02T15:16:11","date_gmt":"2025-10-02T15:16:11","guid":{"rendered":"https:\/\/www.europesays.com\/de\/467687\/"},"modified":"2025-10-02T15:16:11","modified_gmt":"2025-10-02T15:16:11","slug":"boyens-medien-unfall-mit-kochendem-wasser-maenner-schwer-verletzt","status":"publish","type":"post","link":"https:\/\/www.europesays.com\/de\/467687\/","title":{"rendered":"Boyens Medien &#8211; Unfall mit kochendem Wasser \u2013 M\u00e4nner schwer verletzt"},"content":{"rendered":"<p>Hamburg (dpa\/lno) &#8211;  Bei einem Unfall in einem Wohnhaus im Hamburger Stadtteil Ei\u00dfendorf haben sich zwei M\u00e4nner schwere Verbrennungen zugezogen. Wie ein Sprecher der Feuerwehr mitteilte, wurden sie durch kochendes Wasser am Gesicht und Hals verletzt. Die M\u00e4nner wurden in eine Spezialklinik f\u00fcr Verbrennungen gebracht. Wie es zu dem Unfall gekommen ist, war zun\u00e4chst unklar.<\/p>\n<p>\u00a9 dpa-infocom, dpa:251002-930-116214\/1<\/p>\n<p>\u00a9 Boyens Medien &#8211; Texte und Fotos sind urheberrechtlich gesch\u00fctzt. Weiterverwendung nur mit Genehmigung der <a title=\"Kontakt zur Chefredaktion\" target=\"_blank\" href=\"https:\/\/www.boyens-medien.de\/richtlinien.html\" rel=\"noopener\">Chefredaktion<\/a>.<\/p>\n","protected":false},"excerpt":{"rendered":"Hamburg (dpa\/lno) &#8211; Bei einem Unfall in einem Wohnhaus im Hamburger Stadtteil Ei\u00dfendorf haben sich zwei M\u00e4nner schwere&hellip;\n","protected":false},"author":2,"featured_media":467688,"comment_status":"","ping_status":"","sticky":false,"template":"","format":"standard","meta":{"footnotes":""},"categories":[1826],"tags":[29,30,692,4823,2624,9326],"class_list":{"0":"post-467687","1":"post","2":"type-post","3":"status-publish","4":"format-standard","5":"has-post-thumbnail","7":"category-hamburg","8":"tag-deutschland","9":"tag-germany","10":"tag-hamburg","11":"tag-meldung","12":"tag-unfaelle","13":"tag-updateme"},"share_on_mastodon":{"url":"https:\/\/pubeurope.com\/@de\/115305236654688064","error":""},"_links":{"self":[{"href":"https:\/\/www.europesays.com\/de\/wp-json\/wp\/v2\/posts\/467687","targetHints":{"allow":["GET"]}}],"collection":[{"href":"https:\/\/www.europesays.com\/de\/wp-json\/wp\/v2\/posts"}],"about":[{"href":"https:\/\/www.europesays.com\/de\/wp-json\/wp\/v2\/types\/post"}],"author":[{"embeddable":true,"href":"https:\/\/www.europesays.com\/de\/wp-json\/wp\/v2\/users\/2"}],"replies":[{"embeddable":true,"href":"https:\/\/www.europesays.com\/de\/wp-json\/wp\/v2\/comments?post=467687"}],"version-history":[{"count":0,"href":"https:\/\/www.europesays.com\/de\/wp-json\/wp\/v2\/posts\/467687\/revisions"}],"wp:featuredmedia":[{"embeddable":true,"href":"https:\/\/www.europesays.com\/de\/wp-json\/wp\/v2\/media\/467688"}],"wp:attachment":[{"href":"https:\/\/www.europesays.com\/de\/wp-json\/wp\/v2\/media?parent=467687"}],"wp:term":[{"taxonomy":"category","embeddable":true,"href":"https:\/\/www.europesays.com\/de\/wp-json\/wp\/v2\/categories?post=467687"},{"taxonomy":"post_tag","embeddable":true,"href":"https:\/\/www.europesays.com\/de\/wp-json\/wp\/v2\/tags?post=467687"}],"curies":[{"name":"wp","href":"https:\/\/api.w.org\/{rel}","templated":true}]}}