{"id":467812,"date":"2025-10-02T16:25:12","date_gmt":"2025-10-02T16:25:12","guid":{"rendered":"https:\/\/www.europesays.com\/de\/467812\/"},"modified":"2025-10-02T16:25:12","modified_gmt":"2025-10-02T16:25:12","slug":"broetchen-kaufen-am-feiertag-geoeffnete-baeckereien-in-dortmund","status":"publish","type":"post","link":"https:\/\/www.europesays.com\/de\/467812\/","title":{"rendered":"Br\u00f6tchen kaufen am Feiertag: Ge\u00f6ffnete B\u00e4ckereien in Dortmund"},"content":{"rendered":"<p>\t\tFrische Br\u00f6tchen am Tag der Deutschen Einheit<br \/>\n\t\t\t\t\tDiese B\u00e4ckereien in Dortmund haben ge\u00f6ffnet<\/p>\n<p>    <a href=\"https:\/\/www.ruhrnachrichten.de\/wp-content\/uploads\/2025\/10\/02\/16\/630_0863_1085086_MML_Broetchenservice_3_10_630_0900_5118934_-1648x824.jpg\" target=\"_blank\" rel=\"noopener\"><\/p>\n<p>            <img loading=\"lazy\" decoding=\"async\" src=\"https:\/\/www.europesays.com\/de\/wp-content\/uploads\/2025\/10\/630_0863_1085086_MML_Broetchenservice_3_10_630_0900_5118933_-640x428.jpg\" width=\"640\" height=\"428\"  alt=\"Ein Regal in einer B\u00e4ckerei, gef\u00fcllt mit Backwaren\"\/><\/p>\n<p>    <\/a><br \/>\n    Am Tag der Deutschen Einheit haben zahlreiche B\u00e4ckereien in Dortmund ge\u00f6ffnet. Wir geben einen \u00dcberblick. \u00a9 picture alliance\/dpa<\/p>\n<p class=\"article__teaser-text\">Frische Br\u00f6tchen am Tag der Deutschen Einheit: In welchen B\u00e4ckereien k\u00f6nnen wir in Dortmund am 03.10. Br\u00f6tchen kaufen?<\/p>\n<p>3 Min Lesezeit<\/p>\n<p>Backmeisterei by MackB\u00e4cker BeckmannB\u00e4ckerei VorwerkB\u00e4ckermeister GrobeB\u00fcschCityb\u00e4ckerKampsMalzersYorma\u2019s<\/p>\n","protected":false},"excerpt":{"rendered":"Frische Br\u00f6tchen am Tag der Deutschen Einheit Diese B\u00e4ckereien in Dortmund haben ge\u00f6ffnet Am Tag der Deutschen Einheit&hellip;\n","protected":false},"author":2,"featured_media":467813,"comment_status":"","ping_status":"","sticky":false,"template":"","format":"standard","meta":{"footnotes":""},"categories":[1833],"tags":[53031,3364,29,217,4289,30,1209],"class_list":{"0":"post-467812","1":"post","2":"type-post","3":"status-publish","4":"format-standard","5":"has-post-thumbnail","7":"category-dortmund","8":"tag-broetchenservice","9":"tag-de","10":"tag-deutschland","11":"tag-dortmund","12":"tag-einkaufen","13":"tag-germany","14":"tag-nordrhein-westfalen"},"share_on_mastodon":{"url":"https:\/\/pubeurope.com\/@de\/115305508551330730","error":""},"_links":{"self":[{"href":"https:\/\/www.europesays.com\/de\/wp-json\/wp\/v2\/posts\/467812","targetHints":{"allow":["GET"]}}],"collection":[{"href":"https:\/\/www.europesays.com\/de\/wp-json\/wp\/v2\/posts"}],"about":[{"href":"https:\/\/www.europesays.com\/de\/wp-json\/wp\/v2\/types\/post"}],"author":[{"embeddable":true,"href":"https:\/\/www.europesays.com\/de\/wp-json\/wp\/v2\/users\/2"}],"replies":[{"embeddable":true,"href":"https:\/\/www.europesays.com\/de\/wp-json\/wp\/v2\/comments?post=467812"}],"version-history":[{"count":0,"href":"https:\/\/www.europesays.com\/de\/wp-json\/wp\/v2\/posts\/467812\/revisions"}],"wp:featuredmedia":[{"embeddable":true,"href":"https:\/\/www.europesays.com\/de\/wp-json\/wp\/v2\/media\/467813"}],"wp:attachment":[{"href":"https:\/\/www.europesays.com\/de\/wp-json\/wp\/v2\/media?parent=467812"}],"wp:term":[{"taxonomy":"category","embeddable":true,"href":"https:\/\/www.europesays.com\/de\/wp-json\/wp\/v2\/categories?post=467812"},{"taxonomy":"post_tag","embeddable":true,"href":"https:\/\/www.europesays.com\/de\/wp-json\/wp\/v2\/tags?post=467812"}],"curies":[{"name":"wp","href":"https:\/\/api.w.org\/{rel}","templated":true}]}}