{"id":467814,"date":"2025-10-02T16:26:16","date_gmt":"2025-10-02T16:26:16","guid":{"rendered":"https:\/\/www.europesays.com\/de\/467814\/"},"modified":"2025-10-02T16:26:16","modified_gmt":"2025-10-02T16:26:16","slug":"dortmund-was-man-sich-beim-bvb-ueber-den-bellingham-papa-erzaehlt-sport","status":"publish","type":"post","link":"https:\/\/www.europesays.com\/de\/467814\/","title":{"rendered":"Dortmund: Was man sich beim BVB \u00fcber den Bellingham-Papa erz\u00e4hlt | Sport"},"content":{"rendered":"<p><b>Borussia Dortmund wird immer mehr zur \u201eBorussia Unschlagbar\u201c. Nur 30-Mio.-Euro-Einkauf Jobe Bellingham (20) bereitet weiter Sorgen.<\/b><\/p>\n<p>Der Engl\u00e4nder kann die hohen Erwartungen noch nicht erf\u00fcllen \u2013 und wird wohl zum brisantesten Fall f\u00fcr Trainer Kovac!<\/p>\n<p><b>Denn: Im Hintergrund sorgt der Bellingham-Papa f\u00fcr Unruhe. Was man sich beim BVB \u00fcber ihn erz\u00e4hlt, verr\u00e4t Michael Makus in seiner gro\u00dfen Analyse. <\/b><\/p>\n","protected":false},"excerpt":{"rendered":"Borussia Dortmund wird immer mehr zur \u201eBorussia Unschlagbar\u201c. Nur 30-Mio.-Euro-Einkauf Jobe Bellingham (20) bereitet weiter Sorgen. Der Engl\u00e4nder&hellip;\n","protected":false},"author":2,"featured_media":467815,"comment_status":"","ping_status":"","sticky":false,"template":"","format":"standard","meta":{"footnotes":""},"categories":[1833],"tags":[119493,1263,102760,27636,30928,888,468,3364,29,217,538,30,104931,5131,9206,119492,1209,119491,819,1576,45,1261],"class_list":{"0":"post-467814","1":"post","2":"type-post","3":"status-publish","4":"format-standard","5":"has-post-thumbnail","7":"category-dortmund","8":"tag-anton-waldemar","9":"tag-aufmacher-bereich","10":"tag-beier-maximilian","11":"tag-bellingham-jude","12":"tag-bensebaini-ramy","13":"tag-borussia-dortmund","14":"tag-champions-league","15":"tag-de","16":"tag-deutschland","17":"tag-dortmund","18":"tag-erste-bundesliga","19":"tag-germany","20":"tag-haaland-erling","21":"tag-kovac-niko","22":"tag-makus-michael","23":"tag-nmecha-felix","24":"tag-nordrhein-westfalen","25":"tag-sabitzer-marcel","26":"tag-sport-leuchtturm-essen","27":"tag-super-a-teaser","28":"tag-texttospeech","29":"tag-toralarm-top-news"},"share_on_mastodon":{"url":"https:\/\/pubeurope.com\/@de\/115305511945695241","error":""},"_links":{"self":[{"href":"https:\/\/www.europesays.com\/de\/wp-json\/wp\/v2\/posts\/467814","targetHints":{"allow":["GET"]}}],"collection":[{"href":"https:\/\/www.europesays.com\/de\/wp-json\/wp\/v2\/posts"}],"about":[{"href":"https:\/\/www.europesays.com\/de\/wp-json\/wp\/v2\/types\/post"}],"author":[{"embeddable":true,"href":"https:\/\/www.europesays.com\/de\/wp-json\/wp\/v2\/users\/2"}],"replies":[{"embeddable":true,"href":"https:\/\/www.europesays.com\/de\/wp-json\/wp\/v2\/comments?post=467814"}],"version-history":[{"count":0,"href":"https:\/\/www.europesays.com\/de\/wp-json\/wp\/v2\/posts\/467814\/revisions"}],"wp:featuredmedia":[{"embeddable":true,"href":"https:\/\/www.europesays.com\/de\/wp-json\/wp\/v2\/media\/467815"}],"wp:attachment":[{"href":"https:\/\/www.europesays.com\/de\/wp-json\/wp\/v2\/media?parent=467814"}],"wp:term":[{"taxonomy":"category","embeddable":true,"href":"https:\/\/www.europesays.com\/de\/wp-json\/wp\/v2\/categories?post=467814"},{"taxonomy":"post_tag","embeddable":true,"href":"https:\/\/www.europesays.com\/de\/wp-json\/wp\/v2\/tags?post=467814"}],"curies":[{"name":"wp","href":"https:\/\/api.w.org\/{rel}","templated":true}]}}