{"id":467819,"date":"2025-10-02T16:29:10","date_gmt":"2025-10-02T16:29:10","guid":{"rendered":"https:\/\/www.europesays.com\/de\/467819\/"},"modified":"2025-10-02T16:29:10","modified_gmt":"2025-10-02T16:29:10","slug":"wo-die-duesseldorfer-gerne-daten-sechs-ideen-fuer-drinnen-und-draussen","status":"publish","type":"post","link":"https:\/\/www.europesays.com\/de\/467819\/","title":{"rendered":"Wo die D\u00fcsseldorfer gerne Daten \u2013 Sechs Ideen f\u00fcr drinnen und drau\u00dfen"},"content":{"rendered":"<p class=\"text_ohne_einzug richtext text-em-55 !leading-serif mx-6 desktop:mx-0\">Egal, ob f\u00fcr erste Treffen oder in langj\u00e4hrigen Partnerschaften \u2013 Dates geh\u00f6ren dazu. Je nach Wetter gibt es in <a href=\"https:\/\/rp-online.de\/thema\/duesseldorf\/\" target=\"_blank\" rel=\"noopener\">D\u00fcsseldorf<\/a> einige Optionen, sch\u00f6ne Stunden drinnen oder drau\u00dfen zu verbringen. So vielf\u00e4ltig wie die Stadt und ihre M\u00f6glichkeiten sind, so sind es auch die Tipps der D\u00fcsseldorfer. Wir haben uns umgeh\u00f6rt, an welchen Orten in der Stadt sie am liebsten romantische Momente verbringen.<\/p>\n","protected":false},"excerpt":{"rendered":"Egal, ob f\u00fcr erste Treffen oder in langj\u00e4hrigen Partnerschaften \u2013 Dates geh\u00f6ren dazu. Je nach Wetter gibt es&hellip;\n","protected":false},"author":2,"featured_media":467820,"comment_status":"","ping_status":"","sticky":false,"template":"","format":"standard","meta":{"footnotes":""},"categories":[1831],"tags":[3364,29,3405,44740,30,64615,119494,1209,1806],"class_list":{"0":"post-467819","1":"post","2":"type-post","3":"status-publish","4":"format-standard","5":"has-post-thumbnail","7":"category-duesseldorf","8":"tag-de","9":"tag-deutschland","10":"tag-duesseldorf","11":"tag-duesselliebe","12":"tag-germany","13":"tag-gerne","14":"tag-goldsheim","15":"tag-nordrhein-westfalen","16":"tag-serie"},"share_on_mastodon":{"url":"https:\/\/pubeurope.com\/@de\/115305523738183531","error":""},"_links":{"self":[{"href":"https:\/\/www.europesays.com\/de\/wp-json\/wp\/v2\/posts\/467819","targetHints":{"allow":["GET"]}}],"collection":[{"href":"https:\/\/www.europesays.com\/de\/wp-json\/wp\/v2\/posts"}],"about":[{"href":"https:\/\/www.europesays.com\/de\/wp-json\/wp\/v2\/types\/post"}],"author":[{"embeddable":true,"href":"https:\/\/www.europesays.com\/de\/wp-json\/wp\/v2\/users\/2"}],"replies":[{"embeddable":true,"href":"https:\/\/www.europesays.com\/de\/wp-json\/wp\/v2\/comments?post=467819"}],"version-history":[{"count":0,"href":"https:\/\/www.europesays.com\/de\/wp-json\/wp\/v2\/posts\/467819\/revisions"}],"wp:featuredmedia":[{"embeddable":true,"href":"https:\/\/www.europesays.com\/de\/wp-json\/wp\/v2\/media\/467820"}],"wp:attachment":[{"href":"https:\/\/www.europesays.com\/de\/wp-json\/wp\/v2\/media?parent=467819"}],"wp:term":[{"taxonomy":"category","embeddable":true,"href":"https:\/\/www.europesays.com\/de\/wp-json\/wp\/v2\/categories?post=467819"},{"taxonomy":"post_tag","embeddable":true,"href":"https:\/\/www.europesays.com\/de\/wp-json\/wp\/v2\/tags?post=467819"}],"curies":[{"name":"wp","href":"https:\/\/api.w.org\/{rel}","templated":true}]}}