{"id":467837,"date":"2025-10-02T16:39:17","date_gmt":"2025-10-02T16:39:17","guid":{"rendered":"https:\/\/www.europesays.com\/de\/467837\/"},"modified":"2025-10-02T16:39:17","modified_gmt":"2025-10-02T16:39:17","slug":"genprobe-liefert-beweis-wolf-reisst-schafe-in-hamburg-erster-bestaetigter-fall-seit-2018","status":"publish","type":"post","link":"https:\/\/www.europesays.com\/de\/467837\/","title":{"rendered":"Genprobe liefert Beweis: Wolf rei\u00dft Schafe in Hamburg \u2013 erster best\u00e4tigter Fall seit 2018"},"content":{"rendered":"<p class=\"is-first-paragraph\" data-external=\"Article.FirstParagraph\">Der Verdacht hat sich best\u00e4tigt: Der n\u00e4chtliche Angriff auf eine Schafweide im Hamburger Stadtteil Marmstorf Mitte September geht auf einen Wolf zur\u00fcck. Das teilte die Umweltbeh\u00f6rde nach Abschluss einer genetischen Untersuchung mit. Der betroffene Landwirt wurden bereits informiert. Er kann nun eine sogenannte Billigkeitsleistung beantragen \u2013 eine Entsch\u00e4digung f\u00fcr den Verlust ihrer Tiere.<\/p>\n<p>Es ist ein seltener Vorfall: Zum ersten Mal seit sieben Jahren hat ein Wolf in Hamburg wieder Nutztiere gerissen. Zuvor war ein solcher Angriff zuletzt 2018 registriert worden. Die Beh\u00f6rde sieht darin keinen Grund zur Panik, weist aber darauf hin, dass W\u00f6lfe auch in der Hansestadt jederzeit auftauchen k\u00f6nnen. \u201eSp\u00e4testens seit 2013 muss damit gerechnet werden, dass umherwandernde W\u00f6lfe durch das Hamburger Stadtgebiet ziehen\u201c, hei\u00dft es. Damals wurde in Bergedorf erstmals ein Wolf nachgewiesen. Die Tiere sind auf der Suche nach neuen Lebensr\u00e4umen, Partnern oder Nahrung \u2013 und k\u00f6nnen dabei auch in dicht besiedelte Regionen gelangen.<\/p>\n<p>Um auf solche Situationen vorbereitet zu sein, arbeitet Hamburg eng mit dem Wolfsmanagement in Schleswig-Holstein zusammen. Seit 2016 wurden zun\u00e4chst vier, inzwischen sieben Wolfsbetreuerinnen und Wolfsbetreuer ausgebildet. Sie beraten Tierhalterinnen und Tierhalter zu Herdenschutzma\u00dfnahmen, geben Verhaltenstipps f\u00fcr Begegnungen mit W\u00f6lfen und dokumentieren Sichtungen sowie mutma\u00dfliche Risse. \u00dcber ein Nottelefon und die Kontaktseite der Umweltbeh\u00f6rde sind sie jederzeit erreichbar.<\/p>\n<p>Die Beh\u00f6rde appelliert eindringlich an Weidetierhalter, ihre Tiere \u201ewolfsabweisend\u201c einzuz\u00e4unen. Seit 2024 gibt es daf\u00fcr eine neue Richtlinie, \u00fcber die F\u00f6rdermittel f\u00fcr Herdenschutz beantragt werden k\u00f6nnen. \u201eDie Gefahr, dass W\u00f6lfe versuchen, an ungesch\u00fctzte Nutztiere heranzukommen, besteht seit ihrer R\u00fcckkehr nach Deutschland\u201c, hei\u00dft es.<\/p>\n<p>Alle Wolfsnachweise in Hamburg sowie Verhaltenstipps f\u00fcr den Ernstfall hat die Umweltbeh\u00f6rde auf einer eigenen Internetseite zusammengestellt. Dort finden sich auch Informationen zu den F\u00f6rderprogrammen f\u00fcr Herdenschutz. Klar ist: Der Wolf ist zur\u00fcck \u2013 und wird Hamburg wohl immer wieder durchstreifen.<\/p>\n","protected":false},"excerpt":{"rendered":"Der Verdacht hat sich best\u00e4tigt: Der n\u00e4chtliche Angriff auf eine Schafweide im Hamburger Stadtteil Marmstorf Mitte September geht&hellip;\n","protected":false},"author":2,"featured_media":467838,"comment_status":"","ping_status":"","sticky":false,"template":"","format":"standard","meta":{"footnotes":""},"categories":[1826],"tags":[29,30,692,11334,953,383,14446],"class_list":{"0":"post-467837","1":"post","2":"type-post","3":"status-publish","4":"format-standard","5":"has-post-thumbnail","7":"category-hamburg","8":"tag-deutschland","9":"tag-germany","10":"tag-hamburg","11":"tag-jagd","12":"tag-naturschutz","13":"tag-umwelt","14":"tag-woelfe"},"share_on_mastodon":{"url":"https:\/\/pubeurope.com\/@de\/115305563149611640","error":""},"_links":{"self":[{"href":"https:\/\/www.europesays.com\/de\/wp-json\/wp\/v2\/posts\/467837","targetHints":{"allow":["GET"]}}],"collection":[{"href":"https:\/\/www.europesays.com\/de\/wp-json\/wp\/v2\/posts"}],"about":[{"href":"https:\/\/www.europesays.com\/de\/wp-json\/wp\/v2\/types\/post"}],"author":[{"embeddable":true,"href":"https:\/\/www.europesays.com\/de\/wp-json\/wp\/v2\/users\/2"}],"replies":[{"embeddable":true,"href":"https:\/\/www.europesays.com\/de\/wp-json\/wp\/v2\/comments?post=467837"}],"version-history":[{"count":0,"href":"https:\/\/www.europesays.com\/de\/wp-json\/wp\/v2\/posts\/467837\/revisions"}],"wp:featuredmedia":[{"embeddable":true,"href":"https:\/\/www.europesays.com\/de\/wp-json\/wp\/v2\/media\/467838"}],"wp:attachment":[{"href":"https:\/\/www.europesays.com\/de\/wp-json\/wp\/v2\/media?parent=467837"}],"wp:term":[{"taxonomy":"category","embeddable":true,"href":"https:\/\/www.europesays.com\/de\/wp-json\/wp\/v2\/categories?post=467837"},{"taxonomy":"post_tag","embeddable":true,"href":"https:\/\/www.europesays.com\/de\/wp-json\/wp\/v2\/tags?post=467837"}],"curies":[{"name":"wp","href":"https:\/\/api.w.org\/{rel}","templated":true}]}}