{"id":467839,"date":"2025-10-02T16:40:23","date_gmt":"2025-10-02T16:40:23","guid":{"rendered":"https:\/\/www.europesays.com\/de\/467839\/"},"modified":"2025-10-02T16:40:23","modified_gmt":"2025-10-02T16:40:23","slug":"ein-letzter-solo-auftritt-in-der-elbphilharmonie","status":"publish","type":"post","link":"https:\/\/www.europesays.com\/de\/467839\/","title":{"rendered":"Ein letzter Solo-Auftritt in der Elbphilharmonie"},"content":{"rendered":"<p class=\"expressive-copy-lg-body\">Vor acht Jahren spielte <a href=\"https:\/\/www.abendblatt.de\/hamburg\/kultur\/article407493561\/gaensehaut-diesen-film-muss-jeder-bruce-springsteen-fan-sehen.html\" data-category-full-path=\"https:\/\/www.abendblatt.de\/hamburg\/kultur\/\" data-paid-status=\"default\" data-article-publish-date=\"1729699200\" rel=\"nofollow noopener\" target=\"_blank\">Bruce Springsteen<\/a> 267 Konzerte auf dem Broadway, und einer seiner gr\u00f6\u00dften deutschen Fans, der Berliner S\u00e4nger und Songschreiber <strong>Thees Uhlmann<\/strong>, bewundert auch diesen Flei\u00df vom Boss. Aber Uhlmann muss sich nicht verstecken. \u00dcber 284 Mal hat er laut eigener Aussage \u201eDanke f\u00fcr die Angst\u201c gesungen, auch auf seiner erfolgreichen <strong>Solo-Werkschau-Tour<\/strong> 2024 und 2025. <a href=\"https:\/\/www.abendblatt.de\/hamburg\/kultur\/article408006900\/thees-uhlmann-fuenfmal-in-hamburg-gleich-mal-den-text-vergessen.html\" data-category-full-path=\"https:\/\/www.abendblatt.de\/hamburg\/kultur\/\" data-paid-status=\"default\" data-article-publish-date=\"1736194500\" rel=\"nofollow noopener\" target=\"_blank\">Im Januar 2025 trat Uhlmann an f\u00fcnf Abenden im ausverkauften St. Pauli Theater auf<\/a>. Die Tour kriegt nun noch einen w\u00fcrdigen Nachschlag in der Stadt, wo er musikalisch als S\u00e4nger von<strong> Tomte<\/strong> und als Solo-K\u00fcnstler erwachsen wurde: Hamburg.<\/p>\n<p class=\"expressive-copy-lg-body\">\u201eIch war circa drei-, viermal richtig aufgeregt in meinem Leben. Also so, dass man kaum noch Luft durch den Hals kriegt\u201c, verr\u00e4t Uhlmann nun, \u201eVielen Dank an alle, die da waren, die mitgesungen, zugeh\u00f6rt und sich getraut haben, mich auf der Mundharmonika zu begleiten, w\u00e4hrend ich mich durch meine letzten 30 Jahre gespielt habe.\u201c <\/p>\n<p>Thees Uhlmann: Ein vorerst letztes Solo-Konzert direkt am Fluss<\/p>\n<p class=\"expressive-copy-lg-body\">Auf der \u201eSincerely, Thees Uhlmann \u2013 Das Beste von Tomte bis heute\u201c-Tour, die im Dezember 2024 auch als Album erschien, erz\u00e4hlt der 1974 geborene K\u00fcnstler von dem Aufwachsen und den Anf\u00e4ngen in Hemmoor, von den f\u00fcnf Alben und Erfolgen mit der seit 2010 pausierenden Band Tomte, vom Leben auf und neben den Touren und von den drei Solo-Platten, die alle nur knapp an der Chartsspitze vorbeischrammelten. <\/p>\n<p class=\"expressive-copy-lg-body\">Ein mehr als abendf\u00fcllendes Programm war das. Und der F\u00fcnfteiler im St. Pauli Theater war nur der Auftakt. \u201eWas dann kam, h\u00e4tten wir und uns nicht zu tr\u00e4umen gewagt\u201c, so Uhlmann. \u201eWas als kleine Konzertreihe gedacht war, f\u00fchrte uns \u00fcber die sch\u00f6nsten und wildesten B\u00fchnen des Landes. Allein schon auf diesen B\u00fchnen zu stehen, die eine Igor Levit-Haftigkeit von 10\/10 haben, hat mich dann als strukturellen Dorf-Hoschie schon sehr geschickt, wie die Kids aus der Stadt sagen.\u201c Das habe ihm alles \u201esehr viel bedeutet, dass ich da immer noch dr\u00fcber nachdenken muss, aber einmal m\u00f6chte ich noch\u201c, betont Uhlmann, \u201eein letztes Mal runter die Stra\u00dfe. Ein letztes Mal runter den Fluss.\u201c <\/p>\n<p class=\"expressive-copy-lg-body\">Sein \u201evorerst letztes Solo-Konzert\u201c braucht einen besonderen Ort, und den bekommt es: Am Sonnabend, 10. Januar 2026, im Gro\u00dfen Saal der Elbphilharmonie. Der Vorverkauf beginnt am Dienstag, 7. Oktober, um 10 Uhr auf <a href=\"https:\/\/ghvc-shop.de\/\" target=\"_blank\" rel=\"nofollow noopener\">www.ghvc-shop.de<\/a>.<\/p>\n<p>    <img decoding=\"async\" src=\"https:\/\/www.europesays.com\/de\/wp-content\/uploads\/2025\/10\/410140897_1759413355_v16_9_1200.jpeg\" class=\"block w-full object-cover relative z-10 aspect-[16\/9] \" alt=\"Thees Uhlmann\" title=\"Musiker Thees Uhlmann: Einmal will er noch die ganz gro\u00dfe B\u00fchne.\" loading=\"lazy\"\/><\/p>\n<p>\n      Musiker Thees Uhlmann: Einmal will er noch die ganz gro\u00dfe B\u00fchne.<br \/>\n      \u00a9 picture alliance \/ Panama Pictures | Christoph Hardt\n    <\/p>\n<p>  Sternstunde oder Reinfall?<\/p>\n<p class=\"expressive-copy-lg-body\">Jeden Monat rezensieren wir f\u00fcr unsere Abonnentinnen und Abonnenten mehr als 100 Theatervorstellungen, Konzerte, Choreografien, Shows, B\u00fccher, Ausstellungen, Serien oder Filme. <a href=\"https:\/\/www.abendblatt.de\/hamburg\/kultur\/kritiken\/\" rel=\"nofollow noopener\" target=\"_blank\">Hier finden Sie alle Kritiken<\/a> \u2013 was Sie in Hamburg unbedingt gesehen, geh\u00f6rt oder gelesen haben m\u00fcssen!<\/p>\n","protected":false},"excerpt":{"rendered":"Vor acht Jahren spielte Bruce Springsteen 267 Konzerte auf dem Broadway, und einer seiner gr\u00f6\u00dften deutschen Fans, der&hellip;\n","protected":false},"author":2,"featured_media":467840,"comment_status":"","ping_status":"","sticky":false,"template":"","format":"standard","meta":{"footnotes":""},"categories":[1826],"tags":[29,30,692],"class_list":{"0":"post-467839","1":"post","2":"type-post","3":"status-publish","4":"format-standard","5":"has-post-thumbnail","7":"category-hamburg","8":"tag-deutschland","9":"tag-germany","10":"tag-hamburg"},"share_on_mastodon":{"url":"https:\/\/pubeurope.com\/@de\/115305567342516238","error":""},"_links":{"self":[{"href":"https:\/\/www.europesays.com\/de\/wp-json\/wp\/v2\/posts\/467839","targetHints":{"allow":["GET"]}}],"collection":[{"href":"https:\/\/www.europesays.com\/de\/wp-json\/wp\/v2\/posts"}],"about":[{"href":"https:\/\/www.europesays.com\/de\/wp-json\/wp\/v2\/types\/post"}],"author":[{"embeddable":true,"href":"https:\/\/www.europesays.com\/de\/wp-json\/wp\/v2\/users\/2"}],"replies":[{"embeddable":true,"href":"https:\/\/www.europesays.com\/de\/wp-json\/wp\/v2\/comments?post=467839"}],"version-history":[{"count":0,"href":"https:\/\/www.europesays.com\/de\/wp-json\/wp\/v2\/posts\/467839\/revisions"}],"wp:featuredmedia":[{"embeddable":true,"href":"https:\/\/www.europesays.com\/de\/wp-json\/wp\/v2\/media\/467840"}],"wp:attachment":[{"href":"https:\/\/www.europesays.com\/de\/wp-json\/wp\/v2\/media?parent=467839"}],"wp:term":[{"taxonomy":"category","embeddable":true,"href":"https:\/\/www.europesays.com\/de\/wp-json\/wp\/v2\/categories?post=467839"},{"taxonomy":"post_tag","embeddable":true,"href":"https:\/\/www.europesays.com\/de\/wp-json\/wp\/v2\/tags?post=467839"}],"curies":[{"name":"wp","href":"https:\/\/api.w.org\/{rel}","templated":true}]}}