{"id":467843,"date":"2025-10-02T16:42:20","date_gmt":"2025-10-02T16:42:20","guid":{"rendered":"https:\/\/www.europesays.com\/de\/467843\/"},"modified":"2025-10-02T16:42:20","modified_gmt":"2025-10-02T16:42:20","slug":"kirchengebaeude-in-berlin-berlin-sucht-neue-ideen-fuer-kirchengebaeude","status":"publish","type":"post","link":"https:\/\/www.europesays.com\/de\/467843\/","title":{"rendered":"Kirchengeb\u00e4ude in Berlin: Berlin sucht neue Ideen f\u00fcr Kirchengeb\u00e4ude"},"content":{"rendered":"<p class=\"paragraph article__item\">Senat und katholische Kirche in <a class=\"rtr-entity\" href=\"https:\/\/www.zeit.de\/thema\/berlin\" target=\"_blank\" rel=\"noopener\">Berlin<\/a> wollen sich bei der k\u00fcnftigen Nutzung kirchlicher Immobilien st\u00e4rker abstimmen. Das teilten Berlins Regierender B\u00fcrgermeister Kai Wegner (CDU) und der Berliner Erzbischof Heiner Koch nach einem Treffen im Roten Rathaus mit.\u00a0\n<\/p>\n<p>Aktuelles<\/p>\n<p>                <a href=\"https:\/\/www.zeit.de\/gesellschaft\/zeitgeschehen\/2025-09\/schusswaffenangriff-kirche-michigan-usa\" data-ct-label=\"USA: F\u00fcnf Tote bei Angriff auf Kirche in Michigan\" target=\"_blank\" rel=\"noopener\"><\/p>\n<p>                        USA:<br \/>\n                        F\u00fcnf Tote bei Angriff auf Kirche in Michigan<\/p>\n<p>                <\/a><\/p>\n<p>                <a href=\"https:\/\/www.zeit.de\/politik\/deutschland\/2025-09\/helmut-kohl-allee-berlin-umbenennung\" data-ct-label=\"Helmut Kohl: Berlin benennt Stra\u00dfe in Helmut-Kohl-Allee um\" target=\"_blank\" rel=\"noopener\"><\/p>\n<p>                        Helmut Kohl:<br \/>\n                        Berlin benennt Stra\u00dfe in Helmut-Kohl-Allee um<\/p>\n<p>                <\/a><\/p>\n<p>                <a href=\"https:\/\/www.zeit.de\/gesellschaft\/2025-09\/katholische-kirche-bischofskonferenz-baetzing-homosexualitaet-paare-segen\" data-ct-label=\"Deutsche Bischofskonferenz: Katholische Bisch\u00f6fe wollen an Segen f\u00fcr homosexuelle Paare festhalten\" target=\"_blank\" rel=\"noopener\"><\/p>\n<p>                        Deutsche Bischofskonferenz:<br \/>\n                        Katholische Bisch\u00f6fe wollen an Segen f\u00fcr homosexuelle Paare festhalten<\/p>\n<p>                <\/a><\/p>\n<p class=\"paragraph article__item\">Dabei geht es um mehrere Hundert Geb\u00e4ude, darunter berlinweit 120 Kirchen und rund 180 Pfarr- und Gemeindeh\u00e4user. Das Erzbistum Berlin, die Evangelische Kirche Berlin-Brandenburg und der Senat wollen sich in einer gemeinsamen Arbeitsgruppe \u00fcber die M\u00f6glichkeiten einer Nachnutzung austauschen. <a class=\"rtr-entity\" href=\"https:\/\/www.zeit.de\/thema\/kai-wegner\" target=\"_blank\" rel=\"noopener\">Wegner<\/a> dankte der katholischen Kirche, den Ansto\u00df dazu gegeben zu haben.\u00a0\n<\/p>\n<p>                Kirchengeb\u00e4ude k\u00f6nnen Wohnungen werden        <\/p>\n<p class=\"paragraph article__item\">Dabei sei vieles denkbar, sagte Kultursenatorin Sarah Wedl-Wilson. Die Nutzung als Wohnraum z\u00e4hlt dazu. Auch \u00fcber die Mitnutzung durch kleinere Religionsgemeinschaften werde gesprochen.\u00a0\n<\/p>\n<p class=\"paragraph article__item\">Die Senatorin wies auch auf bisherige Umnutzungen hin wie im Fall der Friedrichswerderschen Kirche in Mitte, die als Ausstellungsraum f\u00fcr die Alte Nationalgalerie dient. Der Prozess steht den Angaben zufolge erst am Anfang und wird sich \u00fcber mehrere Jahre erstrecken.\n<\/p>\n<p class=\"paragraph article__item\">\u00a9 dpa-infocom, dpa:250930-930-106095\/1<\/p>\n","protected":false},"excerpt":{"rendered":"Senat und katholische Kirche in Berlin wollen sich bei der k\u00fcnftigen Nutzung kirchlicher Immobilien st\u00e4rker abstimmen. Das teilten&hellip;\n","protected":false},"author":2,"featured_media":467844,"comment_status":"","ping_status":"","sticky":false,"template":"","format":"standard","meta":{"footnotes":""},"categories":[1825],"tags":[1941,1939,296,1937,31,29,30,39034,2384,6590,66085,119499,1940,15,1938,4201],"class_list":{"0":"post-467843","1":"post","2":"type-post","3":"status-publish","4":"format-standard","5":"has-post-thumbnail","7":"category-berlin","8":"tag-aktuelle-nachrichten-aus-berlin","9":"tag-aktuelle-news-aus-berlin","10":"tag-berlin","11":"tag-berlin-news","12":"tag-cdu","13":"tag-deutschland","14":"tag-germany","15":"tag-heiner-koch","16":"tag-kai-wegner","17":"tag-katholische-kirche","18":"tag-kirchengebaeude","19":"tag-kirchengebaeude-in-berlin","20":"tag-nachrichten-aus-berlin","21":"tag-news","22":"tag-news-aus-berlin","23":"tag-treffen"},"share_on_mastodon":{"url":"https:\/\/pubeurope.com\/@de\/115305574907333895","error":""},"_links":{"self":[{"href":"https:\/\/www.europesays.com\/de\/wp-json\/wp\/v2\/posts\/467843","targetHints":{"allow":["GET"]}}],"collection":[{"href":"https:\/\/www.europesays.com\/de\/wp-json\/wp\/v2\/posts"}],"about":[{"href":"https:\/\/www.europesays.com\/de\/wp-json\/wp\/v2\/types\/post"}],"author":[{"embeddable":true,"href":"https:\/\/www.europesays.com\/de\/wp-json\/wp\/v2\/users\/2"}],"replies":[{"embeddable":true,"href":"https:\/\/www.europesays.com\/de\/wp-json\/wp\/v2\/comments?post=467843"}],"version-history":[{"count":0,"href":"https:\/\/www.europesays.com\/de\/wp-json\/wp\/v2\/posts\/467843\/revisions"}],"wp:featuredmedia":[{"embeddable":true,"href":"https:\/\/www.europesays.com\/de\/wp-json\/wp\/v2\/media\/467844"}],"wp:attachment":[{"href":"https:\/\/www.europesays.com\/de\/wp-json\/wp\/v2\/media?parent=467843"}],"wp:term":[{"taxonomy":"category","embeddable":true,"href":"https:\/\/www.europesays.com\/de\/wp-json\/wp\/v2\/categories?post=467843"},{"taxonomy":"post_tag","embeddable":true,"href":"https:\/\/www.europesays.com\/de\/wp-json\/wp\/v2\/tags?post=467843"}],"curies":[{"name":"wp","href":"https:\/\/api.w.org\/{rel}","templated":true}]}}