{"id":467857,"date":"2025-10-02T16:49:18","date_gmt":"2025-10-02T16:49:18","guid":{"rendered":"https:\/\/www.europesays.com\/de\/467857\/"},"modified":"2025-10-02T16:49:18","modified_gmt":"2025-10-02T16:49:18","slug":"kita-solztalraeuber-feiert-neues-klettergeruest-und-buecherei","status":"publish","type":"post","link":"https:\/\/www.europesays.com\/de\/467857\/","title":{"rendered":"Kita Solztalr\u00e4uber feiert neues Kletterger\u00fcst und B\u00fccherei"},"content":{"rendered":"<ol class=\"id-DonaldBreadcrumb lp_west_breadcrumb id-DonaldBreadcrumb--default\" data-k5a-pos=\"west_breadcrumb\">\n<li class=\"id-Breadcrumb-item\"><a href=\"https:\/\/www.hersfelder-zeitung.de\/\" class=\"id-Breadcrumb-link\" data-id-ec=\"{\" shn=\"\" textlink=\"\" zeitung=\"\" data-k5a-pos=\"1_hersfelderZeitung\" target=\"_blank\" rel=\"noopener\">Hersfelder Zeitung<\/a><\/li>\n<li class=\"id-Breadcrumb-item\"><a href=\"https:\/\/www.hersfelder-zeitung.de\/bad-hersfeld\/\" class=\"id-Breadcrumb-link\" data-id-ec=\"{\" shn=\"\" textlink=\"\" hersfeld=\"\" data-k5a-pos=\"2_badHersfeld\" target=\"_blank\" rel=\"noopener\">Bad Hersfeld<\/a><\/li>\n<\/ol>\n<p class=\"id-Story-timestamp id-Story-timestamp--default\">Stand: 02.10.2025, 18:00 Uhr<\/p>\n<p class=\"id-Story-interactionBar id-Story-interactionBar--default\">DruckenTeilen<\/p>\n<p><img decoding=\"async\" class=\"id-RatioPlaceholder-element wv_story_el_image\" src=\"https:\/\/www.europesays.com\/de\/wp-content\/uploads\/2025\/10\/39906750-neue-ausstattung-in-der-kita-solztalraeuber-foto-stadt-bad-hersfeld-nh-1h7a.jpg\" loading=\"eager\" fetchpriority=\"high\"   height=\"792\" width=\"1408\" alt=\"Neue Ausstattung in der Kita Solztalr&#xE4;uber, Foto: Stadt Bad Hersfeld\/NH \"\/>Platz zum Turnen und Toben: (von links) Erzieherin Nadine He\u00df, Fachbereichsleiter Generationen Daniel Auel, B\u00fcrgermeisterin Anke Hofmann und Kita-Leiterin Laura Mohr sowie die Kinder der Gruppe \u201eAbenteurer\u201c  \u00a9\u00a0Fotos: Laura Hellwig\/Bad Hersfeld\/nh<\/p>\n<p class=\"id-StoryElement-leadText\">Dank einer Spende der Stadtbibliothek k\u00f6nnen Kinder nun in der neuen B\u00fccherei st\u00f6bern und regelm\u00e4\u00dfig B\u00fccher ausleihen.<\/p>\n<p class=\"id-StoryElement-paragraph\">Die Kinder der Kita Solztalr\u00e4uber in Sorga k\u00f6nnen sich \u00fcber zwei neue Highlights in ihrer Einrichtung freuen: Ein neues Kletterger\u00fcst sowie eine B\u00fccherei. Und noch eine weitere Neuigkeit gibt es aus der st\u00e4dtischen Einrichtung: Die Kita Solztalr\u00e4uber ist mit dem Siegel \u201eClever in Sonne und Schatten\u201c ausgezeichnet worden.<\/p>\n<p><img decoding=\"async\" class=\"id-RatioPlaceholder-element wv_story_el_image\" src=\"https:\/\/www.europesays.com\/de\/wp-content\/uploads\/2025\/10\/39906754-neue-ausstattung-in-der-kita-solztalraeuber-foto-stadt-bad-hersfeld-nh-2Mfe.jpg\" loading=\"lazy\"   height=\"619\" width=\"1100\" alt=\"Neue Ausstattung in der Kita Solztalr&#xE4;uber, Foto: Stadt Bad Hersfeld\/NH \"\/>Zeit zum Lesen und Zuh\u00f6ren: Auch die ganz kleinen, die \u201eEntdecker\u201c, freuen sich \u00fcber die neue B\u00fccherei in ihrer Kita. Kita-Leiterin Laura Morh (rechts) und Erzieherin Jessica Gleim (zweite von rechts) haben das neue Projekt B\u00fcrgermeisterin Anke Hofmann (links) und Daniel Auel, Fachbereichsleiter Generationen, vorgestellt. \u00a9\u00a0Fotos: Laura Hellwig\/Bad Hersfeld\/nh<\/p>\n<p class=\"id-StoryElement-paragraph\">Nachdem die Kinder zuletzt einige Zeit ohne Kletterger\u00fcst auskommen mussten \u2013 das alte war marode und kaputt und musste entfernt werden \u2013 d\u00fcrfen sie sich jetzt \u00fcber ein neues Highlight auf dem Spielplatz freuen. Eine Rutsche, eine Wackelbr\u00fccke, verschiedene Kletter- und Versteckm\u00f6glichkeiten bilden die perfekten Voraussetzungen f\u00fcr viele Abenteuer. <\/p>\n<p class=\"id-StoryElement-paragraph\">Um bei den Kindern die Begeisterung f\u00fcr B\u00fccher, f\u00fcr das Lesen und Vorlesen zu f\u00f6rdern, gibt es in der Kita Solztalr\u00e4uber seit diesem Monat eine B\u00fccherei. Dank einer gro\u00dfz\u00fcgigen Spende der Konrad-Duden-Stadtbibliothek ist die neue B\u00fccherei bestens ausgestattet mit Geschichten, Kindersachb\u00fcchern und mehr.<\/p>\n<p class=\"id-StoryElement-paragraph\">W\u00e4hrend des Kindergartentages k\u00f6nnen sich die Kleinen hier in Ruhe B\u00fccher anschauen oder die Erzieherinnen haben die M\u00f6glichkeit, an einem ruhigen Ort mit einer kleineren Gruppe etwas zu spielen oder zu lesen. Zudem kommen regelm\u00e4\u00dfig die Sch\u00fclerinnen und Sch\u00fcler der benachbarten Grundschule vorbei, um den Kita-Kindern etwas vorzulesen. Alle zwei Wochen \u00f6ffnet die B\u00fccherei zur Ausleihe. Die Ausleihe kann auch von Eltern \u00fcbernommen werden. Zu diesen Zeiten k\u00f6nnen sich die Kinder ein Buch aussuchen, das sie auch mit nach Hause nehmen k\u00f6nnen. F\u00fcr zwei Euro k\u00f6nnen au\u00dferdem B\u00fcchertaschen erworben werden \u2013 von den Einnahmen werden neue B\u00fccher angeschafft.<\/p>\n<p class=\"id-StoryElement-paragraph\">Au\u00dferdem ist die Kita mit dem Siegel \u201eClever in Sonne und Schatten\u201c ausgezeichnet worden \u2013 eine Plakette am Eingang weist darauf hin. Dem vorausgegangen ist eine Projektwoche mit den j\u00fcngsten Kindern der Einrichtung \u2013 den \u201eEntdeckern\u201c. <\/p>\n<p class=\"id-StoryElement-paragraph\">W\u00e4hrend der Projektwoche haben sich die Kinder mit verschiedenen Fragen rund um das Thema Sonnenschutz besch\u00e4ftigt: Wo sind rund um die Kita Schattenpl\u00e4tze? Was ziehe ich wann an? Wie creme ich mich richtig ein? <\/p>\n<p class=\"id-StoryElement-paragraph\">Zudem wurden Schattenspiele gespielt, die Erzieherinnen haben eine Fortbildung absolviert und eine Sonnenschutzstrategie entwickelt. Jedes Jahr werden diese Themen nun mit den Kindern der verschiedenen Altersgruppen behandelt, sodass alle den richtigen Umgang mit Sonnenschutz lernen.<\/p>\n","protected":false},"excerpt":{"rendered":"Hersfelder Zeitung Bad Hersfeld Stand: 02.10.2025, 18:00 Uhr DruckenTeilen Platz zum Turnen und Toben: (von links) Erzieherin Nadine&hellip;\n","protected":false},"author":2,"featured_media":467858,"comment_status":"","ping_status":"","sticky":false,"template":"","format":"standard","meta":{"footnotes":""},"categories":[1774],"tags":[1784,1785,29,214,30,215],"class_list":{"0":"post-467857","1":"post","2":"type-post","3":"status-publish","4":"format-standard","5":"has-post-thumbnail","7":"category-buecher","8":"tag-books","9":"tag-buecher","10":"tag-deutschland","11":"tag-entertainment","12":"tag-germany","13":"tag-unterhaltung"},"share_on_mastodon":{"url":"https:\/\/pubeurope.com\/@de\/115305602563215525","error":""},"_links":{"self":[{"href":"https:\/\/www.europesays.com\/de\/wp-json\/wp\/v2\/posts\/467857","targetHints":{"allow":["GET"]}}],"collection":[{"href":"https:\/\/www.europesays.com\/de\/wp-json\/wp\/v2\/posts"}],"about":[{"href":"https:\/\/www.europesays.com\/de\/wp-json\/wp\/v2\/types\/post"}],"author":[{"embeddable":true,"href":"https:\/\/www.europesays.com\/de\/wp-json\/wp\/v2\/users\/2"}],"replies":[{"embeddable":true,"href":"https:\/\/www.europesays.com\/de\/wp-json\/wp\/v2\/comments?post=467857"}],"version-history":[{"count":0,"href":"https:\/\/www.europesays.com\/de\/wp-json\/wp\/v2\/posts\/467857\/revisions"}],"wp:featuredmedia":[{"embeddable":true,"href":"https:\/\/www.europesays.com\/de\/wp-json\/wp\/v2\/media\/467858"}],"wp:attachment":[{"href":"https:\/\/www.europesays.com\/de\/wp-json\/wp\/v2\/media?parent=467857"}],"wp:term":[{"taxonomy":"category","embeddable":true,"href":"https:\/\/www.europesays.com\/de\/wp-json\/wp\/v2\/categories?post=467857"},{"taxonomy":"post_tag","embeddable":true,"href":"https:\/\/www.europesays.com\/de\/wp-json\/wp\/v2\/tags?post=467857"}],"curies":[{"name":"wp","href":"https:\/\/api.w.org\/{rel}","templated":true}]}}