{"id":467946,"date":"2025-10-02T17:36:15","date_gmt":"2025-10-02T17:36:15","guid":{"rendered":"https:\/\/www.europesays.com\/de\/467946\/"},"modified":"2025-10-02T17:36:15","modified_gmt":"2025-10-02T17:36:15","slug":"spenden-gala-bringt-13-500-euro-fuer-soziale-projekte","status":"publish","type":"post","link":"https:\/\/www.europesays.com\/de\/467946\/","title":{"rendered":"Spenden-Gala bringt 13.500 Euro f\u00fcr soziale Projekte"},"content":{"rendered":"<p>Engagement seit 25 Jahren <\/p>\n<p>Promi-Spenden-Gala bringt 13.500 Euro f\u00fcr soziale Projekte<\/p>\n<p>02.10.2025 &#8211; 18:54 UhrLesedauer: 1 Min.<\/p>\n<p><a href=\"#focus-0\" class=\"transition-colors duration-200 block text-current relative\" data-sctrack=\"FocusGalleryImage.Reference\"><img fetchpriority=\"high\" data-testid=\"Opener.Image\" style=\"--lqipURL:url('https:\/\/images.t-online.de\/2025\/10\/8RyW0KTmMM2-\/0x107:2048x1152\/fit-in\/150x0\/filters:blur(25)\/ob-marcus-kaiser-rechts-wuerdigt-das-engagement-von-marcel-schneider-mitte-bei-dessen-spendengala-auch-oliver-tissot-links-auftrat.jpg')\"   loading=\"eager\" src=\"https:\/\/www.europesays.com\/de\/wp-content\/uploads\/2025\/10\/ob-marcus-kaiser-rechts-wuerdigt-das-engagement-von-marcel-schneider-mitte-bei-dessen-spendengala-au.jpeg\" alt=\"OB Marcus Kaiser (rechts) w\u00fcrdigt das Engagement von Marcel Schneider (Mitte), bei dessen Spendengala auch Oliver Tissot (links) auftrat.\" title=\"OB Marcus Kaiser (rechts) w\u00fcrdigt das Engagement von Marcel Schneider (Mitte), bei dessen Spendengala auch Oliver Tissot (links) auftrat.\" width=\"2048\" height=\"1152\" class=\"bg-[url:var(--lqipURL)] bg-cover bg-center flex h-full w-full max-w-full\" decoding=\"async\"\/><img style=\"--width:32;--height:32\" loading=\"lazy\" src=\"https:\/\/www.t-online.de\/s\/paper\/_next\/static\/media\/zoom-in.f7dae02f.svg\" alt=\"Vergr\u00f6\u00dfern des Bildes\" title=\"Vergr\u00f6\u00dfern des Bildes\" class=\"block h-[calc(var(--height)_\/_16_*_1rem)] w-[calc(var(--width)_\/_16_*_1rem)] max-w-none absolute bottom-8 right-8 rounded-4 bg-snow p-8\" decoding=\"async\"\/><\/a><\/p>\n<p>OB Marcus K\u00f6nig (rechts) w\u00fcrdigt das Engagement von Marcel Schneider (Mitte), bei dessen Spendengala auch Oliver Tissot (links) auftrat. (Quelle: Privat)<\/p>\n<p class=\"font-bold text-18 leading-17\">Mehr als 13.000 Euro sammelt N\u00fcrnbergs Promi-Friseur bei seiner 60. Benefizgala. Im Rathaus wurde am Wochenende nicht nur gefeiert \u2013 sondern vor allem geholfen.<\/p>\n<p class=\"text-18 leading-17\">Trotz <a class=\"transition-colors duration-200 cursor-pointer text-inherit no-underline text-salemsfur md:hover:text-magenta md:hover:border-magenta md:focus:text-magenta border-current border-b border-solid break-words\" href=\"https:\/\/www.t-online.de\/finanzen\/ratgeber\/verbraucher\/konjunktur\/id_90129274\/inflation-in-deutschland-was-ist-eigentlich-geldentwertung-.html\" data-sctrack=\"BodyAnchor\" rel=\"nofollow noopener\" target=\"_blank\">Inflation<\/a>, Krisen und Ungewissheit haben die G\u00e4ste im N\u00fcrnberger Rathaussaal gro\u00dfz\u00fcgig gespendet: Bei der 60. Benefizveranstaltung von Friseurmeister Marcel Schneider kamen am Samstag 13.500 Euro f\u00fcr den guten Zweck zusammen. Das Geld soll nach eigener Aussage an benachteiligte Kinder und Tiere in Not gehen.<\/p>\n<p class=\"text-18 leading-17\">Die Spendensumme wird nach Schneiders Aussage auf mehrere Einrichtungen verteilt, die sich um Kinder mit besonderen Bed\u00fcrfnissen und um Tiere in Not k\u00fcmmern: unter anderem die Fr\u00fchf\u00f6rderung der Lebenshilfe oder an das Bildungszentrum f\u00fcr Blinde und Sehbehinderte.<\/p>\n<p class=\"text-18 leading-17\">Schneider hatte dazu ein buntes Programm mit Kabarett, Musik und Kunst auf die Beine gestellt. Viele namhafte K\u00fcnstler aus der Region wie etwa Oliver Tissot waren darunter.<\/p>\n<p class=\"text-18 leading-17\">Deshalb wurde Schneider f\u00fcr sein 25-j\u00e4hriges Engagement vom Oberb\u00fcrgermeister pers\u00f6nlich gew\u00fcrdigt. Schneider sei demnach &#8222;keine Eintagsfliege&#8220;: Dass er sich seit einem Vierteljahrhundert so engagiere, sei au\u00dfergew\u00f6hnlich und mache ihn zum Vorbild in der Stadt.<\/p>\n<p class=\"text-18 leading-17\">Im Gespr\u00e4ch mit t-online zeigte sich der SPD-Politiker selbst \u00fcberw\u00e4ltigt: &#8222;Das war eine gro\u00dfartige Gala. Eine meiner sch\u00f6nsten.&#8220; Vor allem die Worte von OB Marcus K\u00f6nig (CSU) h\u00e4tten ihn tief ber\u00fchrt.<\/p>\n<p class=\"text-18 leading-17\">Er erkl\u00e4rt stolz, dass er in mittlerweile 60 Benefizgalas inzwischen rund 663.500 Euro gesammelt habe. Geld, das komplett in soziale Projekte der Metropolregion <a class=\"transition-colors duration-200 cursor-pointer text-inherit no-underline text-salemsfur md:hover:text-magenta md:hover:border-magenta md:focus:text-magenta border-current border-b border-solid break-words\" href=\"https:\/\/www.t-online.de\/region\/nuernberg\/\" data-sctrack=\"BodyAnchor\" rel=\"nofollow noopener\" target=\"_blank\">N\u00fcrnberg<\/a> geflossen sei.<\/p>\n","protected":false},"excerpt":{"rendered":"Engagement seit 25 Jahren Promi-Spenden-Gala bringt 13.500 Euro f\u00fcr soziale Projekte 02.10.2025 &#8211; 18:54 UhrLesedauer: 1 Min. OB&hellip;\n","protected":false},"author":2,"featured_media":467947,"comment_status":"","ping_status":"","sticky":false,"template":"","format":"standard","meta":{"footnotes":""},"categories":[1837],"tags":[772,3364,29,30,871,75760,3783,119510],"class_list":{"0":"post-467946","1":"post","2":"type-post","3":"status-publish","4":"format-standard","5":"has-post-thumbnail","7":"category-nuernberg","8":"tag-bayern","9":"tag-de","10":"tag-deutschland","11":"tag-germany","12":"tag-inflation","13":"tag-marcel-schneider","14":"tag-nuernberg","15":"tag-oliver-tissot"},"share_on_mastodon":{"url":"https:\/\/pubeurope.com\/@de\/115305787276539960","error":""},"_links":{"self":[{"href":"https:\/\/www.europesays.com\/de\/wp-json\/wp\/v2\/posts\/467946","targetHints":{"allow":["GET"]}}],"collection":[{"href":"https:\/\/www.europesays.com\/de\/wp-json\/wp\/v2\/posts"}],"about":[{"href":"https:\/\/www.europesays.com\/de\/wp-json\/wp\/v2\/types\/post"}],"author":[{"embeddable":true,"href":"https:\/\/www.europesays.com\/de\/wp-json\/wp\/v2\/users\/2"}],"replies":[{"embeddable":true,"href":"https:\/\/www.europesays.com\/de\/wp-json\/wp\/v2\/comments?post=467946"}],"version-history":[{"count":0,"href":"https:\/\/www.europesays.com\/de\/wp-json\/wp\/v2\/posts\/467946\/revisions"}],"wp:featuredmedia":[{"embeddable":true,"href":"https:\/\/www.europesays.com\/de\/wp-json\/wp\/v2\/media\/467947"}],"wp:attachment":[{"href":"https:\/\/www.europesays.com\/de\/wp-json\/wp\/v2\/media?parent=467946"}],"wp:term":[{"taxonomy":"category","embeddable":true,"href":"https:\/\/www.europesays.com\/de\/wp-json\/wp\/v2\/categories?post=467946"},{"taxonomy":"post_tag","embeddable":true,"href":"https:\/\/www.europesays.com\/de\/wp-json\/wp\/v2\/tags?post=467946"}],"curies":[{"name":"wp","href":"https:\/\/api.w.org\/{rel}","templated":true}]}}