{"id":467988,"date":"2025-10-02T17:58:24","date_gmt":"2025-10-02T17:58:24","guid":{"rendered":"https:\/\/www.europesays.com\/de\/467988\/"},"modified":"2025-10-02T17:58:24","modified_gmt":"2025-10-02T17:58:24","slug":"muenchen-nach-toedlichem-familienstreit-ermittler-bergen-zweite-leiche","status":"publish","type":"post","link":"https:\/\/www.europesays.com\/de\/467988\/","title":{"rendered":"M\u00fcnchen: Nach t\u00f6dlichem Familienstreit \u2013 Ermittler bergen zweite Leiche"},"content":{"rendered":"<p>Nach dem t\u00f6dlichen Familienstreit und den Drohungen, die das M\u00fcnchner Oktoberfest stundenlang lahmlegten, haben Ermittler eine zweite Leiche gefunden. Vermutlich handelt es sich um den Vater des T\u00e4ters. Spurensicherung und Untersuchungen zu Motiv und Ablauf laufen weiter.<\/p>\n<p class=\"is-first-paragraph\" data-external=\"Article.FirstParagraph\">Im Fall des <a class=\"is-link c-block-items__link c-link--rich-text-renderer\" href=\"https:\/\/www.welt.de\/vermischtes\/article68dcb8d1e12da109b804fbac\/zweite-leiche-nach-feuer-in-muenchen-entdeckt-behoerden-geben-details-bekannt.html\" data-internal-tracking-enabled=\"true\" data-internal-tracking=\"{&quot;action&quot;:&quot;click&quot;,&quot;label&quot;:&quot;link&quot;,&quot;name&quot;:&quot;Inline Element&quot;,&quot;data&quot;:{&quot;source&quot;:&quot;&quot;,&quot;target&quot;:&quot;https:\/\/www.welt.de\/vermischtes\/article68dcb8d1e12da109b804fbac\/zweite-leiche-nach-feuer-in-muenchen-entdeckt-behoerden-geben-details-bekannt.html&quot;,&quot;trackingName&quot;:&quot;&quot;,&quot;trackingLabel&quot;:&quot;&quot;}}\" target=\"_blank\" rel=\"noopener\">t\u00f6dlichen Familienstreits<\/a>, der vor\u00fcbergehend das M\u00fcnchner Oktoberfest lahmlegte, haben die Ermittler die zweite Leiche geborgen. Die Kriminalpolizei habe am Donnerstagvormittag das betroffene Wohnhaus im M\u00fcnchner Norden betreten und den Leichnam gefunden, teilte das Polizeipr\u00e4sidium der Landeshauptstadt mit. Dieser sei umgehend in das Institut f\u00fcr Rechtsmedizin gebracht worden, wo er obduziert wird. <\/p>\n<p>Ob es sich bei dem Toten um den 90 Jahre alten Vater des Tatverd\u00e4chtigen handele, k\u00f6nne bisher nicht best\u00e4tigt werden. Hierzu seien noch weitere Untersuchungen notwendig, hie\u00df es. Auch am Haus finden demnach noch \u201eumfangreiche Spurensicherungsma\u00dfnahmen\u201c mit Brandfahndern statt. Die Ermittlungen zu Hintergrund und Ablauf der Tat dauerten ebenfalls an.<\/p>\n<p>In M\u00fcnchen hatte am Mittwoch ein 57-J\u00e4hriger in einem eskalierten Familienstreit f\u00fcr viele Stunden Teile der Stadt und insbesondere das Oktoberfest lahmgelegt. Der Tatverd\u00e4chtige beging Suizid, er t\u00f6tete au\u00dferdem vermutlich seinen 90 Jahre alten Vater, verletzte Mutter und Tochter.<\/p>\n<p>Das Elternhaus des Verd\u00e4chtigen konnte aufgrund von Sprengfallen bis zum sp\u00e4ten Mittwochnachmittag nicht betreten werden. Bei einer Begutachtung wurde aber schon am Mittwoch im Obergeschoss ein Leichnam entdeckt \u2013 wahrscheinlich der als vermisst geltende Vater des 57-J\u00e4hrigen.<\/p>\n<p>Als Motiv geht die Polizei von intensiven Familienstreitigkeiten aus. Da der Tatverd\u00e4chtige in einem Schreiben eine Bombendrohung gegen das M\u00fcnchner Oktoberfest ausgesprochen hatte, blieb die Wiesn mehr als sieben Stunden lang geschlossen. Erst dann gab die Polizei Entwarnung.<\/p>\n<p>Haben Sie suizidale Gedanken, oder haben Sie diese bei einem Angeh\u00f6rigen\/Bekannten festgestellt? Hilfe bietet die Telefonseelsorge: Anonyme Beratung erh\u00e4lt man rund um die Uhr unter den kostenlosen Nummern 0800 \/ 111 0 111 und 0800 \/ 111 0 222. Auch eine Beratung \u00fcber das Internet ist m\u00f6glich unter telefonseelsorge.de. Eine Liste mit bundesweiten Hilfsstellen findet sich auf der Seite der Deutschen Gesellschaft f\u00fcr Suizidpr\u00e4vention. Wissen, Selbsttest und Adressen rund um das Thema Depression unter deutsche-depressionshilfe.de. Angeh\u00f6rige finden hier Hilfe: www.bapk.de<\/p>\n<p>AFP\/cvb<\/p>\n","protected":false},"excerpt":{"rendered":"Nach dem t\u00f6dlichen Familienstreit und den Drohungen, die das M\u00fcnchner Oktoberfest stundenlang lahmlegten, haben Ermittler eine zweite Leiche&hellip;\n","protected":false},"author":2,"featured_media":467989,"comment_status":"","ping_status":"","sticky":false,"template":"","format":"standard","meta":{"footnotes":""},"categories":[1827],"tags":[15323,772,65207,29,119534,30,1268,110],"class_list":{"0":"post-467988","1":"post","2":"type-post","3":"status-publish","4":"format-standard","5":"has-post-thumbnail","7":"category-muenchen","8":"tag-balken-inbox","9":"tag-bayern","10":"tag-braende-ks","11":"tag-deutschland","12":"tag-familientragoedien-ks","13":"tag-germany","14":"tag-muenchen","15":"tag-newsteam"},"share_on_mastodon":{"url":"https:\/\/pubeurope.com\/@de\/115305873836722524","error":""},"_links":{"self":[{"href":"https:\/\/www.europesays.com\/de\/wp-json\/wp\/v2\/posts\/467988","targetHints":{"allow":["GET"]}}],"collection":[{"href":"https:\/\/www.europesays.com\/de\/wp-json\/wp\/v2\/posts"}],"about":[{"href":"https:\/\/www.europesays.com\/de\/wp-json\/wp\/v2\/types\/post"}],"author":[{"embeddable":true,"href":"https:\/\/www.europesays.com\/de\/wp-json\/wp\/v2\/users\/2"}],"replies":[{"embeddable":true,"href":"https:\/\/www.europesays.com\/de\/wp-json\/wp\/v2\/comments?post=467988"}],"version-history":[{"count":0,"href":"https:\/\/www.europesays.com\/de\/wp-json\/wp\/v2\/posts\/467988\/revisions"}],"wp:featuredmedia":[{"embeddable":true,"href":"https:\/\/www.europesays.com\/de\/wp-json\/wp\/v2\/media\/467989"}],"wp:attachment":[{"href":"https:\/\/www.europesays.com\/de\/wp-json\/wp\/v2\/media?parent=467988"}],"wp:term":[{"taxonomy":"category","embeddable":true,"href":"https:\/\/www.europesays.com\/de\/wp-json\/wp\/v2\/categories?post=467988"},{"taxonomy":"post_tag","embeddable":true,"href":"https:\/\/www.europesays.com\/de\/wp-json\/wp\/v2\/tags?post=467988"}],"curies":[{"name":"wp","href":"https:\/\/api.w.org\/{rel}","templated":true}]}}