{"id":468001,"date":"2025-10-02T18:05:14","date_gmt":"2025-10-02T18:05:14","guid":{"rendered":"https:\/\/www.europesays.com\/de\/468001\/"},"modified":"2025-10-02T18:05:14","modified_gmt":"2025-10-02T18:05:14","slug":"ein-beamtenwahnsinn-in-zahlen-was-das-viele-pendeln-zwischen-berlin-und-bonn-kostet","status":"publish","type":"post","link":"https:\/\/www.europesays.com\/de\/468001\/","title":{"rendered":"Ein Beamtenwahnsinn in Zahlen: Was das viele Pendeln zwischen Berlin und Bonn kostet"},"content":{"rendered":"<p>          02.10.2025 19:04 Uhr \u2013  02:31 min<\/p>\n<p>              Ein Beamtenwahnsinn in Zahlen<br \/>\n              Was das viele Pendeln zwischen Berlin und Bonn kostet<\/p>\n<p>\n              Juni 1991: &#8222;Wind of Change&#8220; von den Scorpions belegt seit Wochen Platz\u00a01 der deutschen Charts. Passend dazu wird der Regierungssitz von Bonn nach Berlin verlegt. Trotzdem arbeiten bis heute noch mehr als ein Viertel aller Ministeriumsmitarbeiter im Rheinland. Die regelm\u00e4\u00dfigen Pendelfl\u00fcge gehen richtig ins Geld.<\/p>\n","protected":false},"excerpt":{"rendered":"02.10.2025 19:04 Uhr \u2013 02:31 min Ein Beamtenwahnsinn in Zahlen Was das viele Pendeln zwischen Berlin und Bonn&hellip;\n","protected":false},"author":2,"featured_media":468002,"comment_status":"","ping_status":"","sticky":false,"template":"","format":"standard","meta":{"footnotes":""},"categories":[1825],"tags":[119535,296,1741,29,4599,30,119536,3771,1491],"class_list":{"0":"post-468001","1":"post","2":"type-post","3":"status-publish","4":"format-standard","5":"has-post-thumbnail","7":"category-berlin","8":"tag-beamtenwahnsinn","9":"tag-berlin","10":"tag-bonn","11":"tag-deutschland","12":"tag-ein","13":"tag-germany","14":"tag-pendeln","15":"tag-was","16":"tag-zahlen"},"share_on_mastodon":{"url":"https:\/\/pubeurope.com\/@de\/115305901409805424","error":""},"_links":{"self":[{"href":"https:\/\/www.europesays.com\/de\/wp-json\/wp\/v2\/posts\/468001","targetHints":{"allow":["GET"]}}],"collection":[{"href":"https:\/\/www.europesays.com\/de\/wp-json\/wp\/v2\/posts"}],"about":[{"href":"https:\/\/www.europesays.com\/de\/wp-json\/wp\/v2\/types\/post"}],"author":[{"embeddable":true,"href":"https:\/\/www.europesays.com\/de\/wp-json\/wp\/v2\/users\/2"}],"replies":[{"embeddable":true,"href":"https:\/\/www.europesays.com\/de\/wp-json\/wp\/v2\/comments?post=468001"}],"version-history":[{"count":0,"href":"https:\/\/www.europesays.com\/de\/wp-json\/wp\/v2\/posts\/468001\/revisions"}],"wp:featuredmedia":[{"embeddable":true,"href":"https:\/\/www.europesays.com\/de\/wp-json\/wp\/v2\/media\/468002"}],"wp:attachment":[{"href":"https:\/\/www.europesays.com\/de\/wp-json\/wp\/v2\/media?parent=468001"}],"wp:term":[{"taxonomy":"category","embeddable":true,"href":"https:\/\/www.europesays.com\/de\/wp-json\/wp\/v2\/categories?post=468001"},{"taxonomy":"post_tag","embeddable":true,"href":"https:\/\/www.europesays.com\/de\/wp-json\/wp\/v2\/tags?post=468001"}],"curies":[{"name":"wp","href":"https:\/\/api.w.org\/{rel}","templated":true}]}}