{"id":468275,"date":"2025-10-02T20:35:12","date_gmt":"2025-10-02T20:35:12","guid":{"rendered":"https:\/\/www.europesays.com\/de\/468275\/"},"modified":"2025-10-02T20:35:12","modified_gmt":"2025-10-02T20:35:12","slug":"burmester-oder-aymaz-rote-insel-in-gruener-koelner-innenstadt","status":"publish","type":"post","link":"https:\/\/www.europesays.com\/de\/468275\/","title":{"rendered":"Burmester oder Aymaz: \u201eRote Insel\u201c in gr\u00fcner K\u00f6lner Innenstadt"},"content":{"rendered":"<p class=\"dm-paragraph my-8 dm-article-content-width\" index=\"0\" should-collapse-on-mobile=\"true\" has-padding=\"\" data-v-586984a4=\"\">Bei der <a target=\"_blank\" rel=\"nofollow noopener\" href=\"https:\/\/www.ksta.de\/kommunalwahlen-2025-koeln-region\">Kommunalwahl<\/a> am 14. September holte die Gr\u00fcnen-Kandidatin Bervian Aymaz die meisten Stimmen der K\u00f6lnerinnen und K\u00f6lner f\u00fcr das B\u00fcrgermeisteramt. 28,1 Prozent der W\u00e4hlerinnen und W\u00e4hler stimmten f\u00fcr Aymaz, der SPD-Kandidat Torsten Burmester folgte mit 21,3 Prozent auf Platz zwei und damit mit deutlichem Abstand. Der CDU-Kandidat Markus Greitemann landete nicht weit entfernt dahinter auf Platz drei.<\/p>\n<p class=\"dm-paragraph my-8 dm-article-content-width\" index=\"1\" should-collapse-on-mobile=\"true\" has-padding=\"\" data-v-586984a4=\"\">Da keiner der 13 OB-Kandidaten erwartungsgem\u00e4\u00df die absolute Mehrheit erreichte, gingen Aymaz und Burmester also zwei Wochen sp\u00e4ter in die Stichwahl \u2013 und hier sieht das Ergebnis dann ganz anders aus. Torsten Burmester gewann am Sonntag (28. September) laut vorl\u00e4ufigem Ergebnis mit einem deutlichen Vorsprung vor Aymaz. Der SPD-Kandidat erzielte 53,5 Prozent, die Gr\u00fcnen-Politikerin 46,5 Prozent. Wie ist dieser scheinbare Umschwung in der W\u00e4hlergunst zu erkl\u00e4ren?<\/p>\n<p class=\"dm-paragraph my-8 dm-article-content-width\" index=\"3\" should-collapse-on-mobile=\"true\" has-padding=\"\" data-v-586984a4=\"\">Bei einem Blick auf die Karte ist zu erkennen, dass sich der generelle Trend bei den K\u00f6lner W\u00e4hlerinnen und W\u00e4hlern auch in der Stichwahl fortgesetzt hat, zumindest was die Pr\u00e4ferenz f\u00fcr die Gr\u00fcnen angeht: Die innerst\u00e4dtischen Veedel, die auch am 14. September f\u00fcr Aymaz abstimmten, haben dies erneut getan. Auch in Ehrenfeld, Lindenthal, S\u00fclz und Klettenberg liegt Aymaz wie bereits zuvor an der Spitze.\u00a0<\/p>\n<p>\u201eSPD-Insel\u201c in der gr\u00fcnen K\u00f6lner Innenstadt<\/p>\n<p class=\"dm-paragraph my-8 dm-article-content-width\" index=\"5\" should-collapse-on-mobile=\"true\" has-padding=\"\" data-v-586984a4=\"\">In den meisten anderen Stadtteilen gewann jedoch Torsten Burmester die Stichwahl, die K\u00f6lner Karte mit den Stimmbezirken ist in weiten Teilen rot eingef\u00e4rbt. \u201eGr\u00fcne Flecken\u201c gibt es au\u00dferhalb des innerst\u00e4dtischen Bereichs und oben genannten Veedeln nur in M\u00fclheim und Kalk. Zudem siegte die Gr\u00fcne in einem Teil von Dellbr\u00fcck. Der Stimmbezirk 90510 im Osten K\u00f6lns sprach sich ebenfalls f\u00fcr Aymaz aus und sticht so aus den angrenzenden Gebieten heraus.<\/p>\n<p class=\"dm-paragraph my-8 dm-article-content-width\" index=\"6\" should-collapse-on-mobile=\"true\" has-padding=\"\" data-v-586984a4=\"\">Umgekehrt f\u00e4llt allerdings eine kleine \u201erote Insel\u201c in der Innenstadt auf: Mehrere Stimmbezirke in der Altstadt\/Nord w\u00e4hlten entgegen dem City-Trend Burmester statt Aymaz. Hier liegt der SPD-Kandidat aber meist auch nur ganz knapp vor Aymaz.<\/p>\n<p>CDU-Veedel stimmen f\u00fcr Burmester<\/p>\n<p class=\"dm-paragraph my-8 dm-article-content-width\" index=\"8\" should-collapse-on-mobile=\"true\" has-padding=\"\" data-v-586984a4=\"\">Generell zu erkl\u00e4ren ist Burmesters Sieg mit den CDU-W\u00e4hlerinnen und W\u00e4hlern vom 14. September, die sich bei der Stichwahl mehrheitlich f\u00fcr den SPD-Kandidaten entschieden. Der unterlegene CDU-Kandidat Markus Greitemann hatte im Vorfeld eine Wahlempfehlung f\u00fcr Burmester ausgesprochen. Viele in der K\u00f6lner CDU wollten offenbar unbedingt verhindern, dass die Gr\u00fcnen-Kandidatin Aymaz Oberb\u00fcrgermeisterin von K\u00f6ln wird \u2013 obwohl die beiden Parteien in den vergangenen Jahren in einem B\u00fcndnis, erg\u00e4nzt durch Volt, zusammengearbeitet hatten. Hier kam es jedoch vermehrt zu Unstimmigkeiten.<\/p>\n<p class=\"dm-paragraph my-8 dm-article-content-width\" index=\"9\" should-collapse-on-mobile=\"true\" has-padding=\"\" data-v-586984a4=\"\">Bei einem Vergleich der beiden Karten vom 14. und vom 28. September best\u00e4tigt sich, dass der Plan der CDU aufgegangen ist: Alle Stimmbezirke, in denen Greitemann zuvor siegte, gingen nun an die SPD. Da die CDU als drittst\u00e4rkste Kraft Gewicht hat, wurde auf der Karte aus Schwarz also durchg\u00e4ngig Rot.<\/p>\n<p class=\"dm-paragraph my-8 dm-article-content-width\" index=\"11\" should-collapse-on-mobile=\"true\" has-padding=\"\" data-v-586984a4=\"\">Und auch die Stimmbezirke, in denen die AfD vorne lag, fielen bei der Stichwahl an die SPD. Denn der AfD-Kandidat hatte Burmester als das \u201egeringere \u00dcbel\u201c bezeichnet \u2013 allerdings zum Missfallen des SPD-Kandidaten. Zuvor hatte Chorweiler als einziger Stadtteil f\u00fcr den AfD-Kandidaten Matthias B\u00fcschges gestimmt, und auch in einigen Porzer Stimmbezirken lag die rechte Partei vorne. Hier wurde jetzt \u00fcberall Burmester gew\u00e4hlt.<\/p>\n","protected":false},"excerpt":{"rendered":"Bei der Kommunalwahl am 14. September holte die Gr\u00fcnen-Kandidatin Bervian Aymaz die meisten Stimmen der K\u00f6lnerinnen und K\u00f6lner&hellip;\n","protected":false},"author":2,"featured_media":457346,"comment_status":"","ping_status":"","sticky":false,"template":"","format":"standard","meta":{"footnotes":""},"categories":[1828],"tags":[29,30,1420,1209],"class_list":{"0":"post-468275","1":"post","2":"type-post","3":"status-publish","4":"format-standard","5":"has-post-thumbnail","7":"category-koeln","8":"tag-deutschland","9":"tag-germany","10":"tag-koeln","11":"tag-nordrhein-westfalen"},"share_on_mastodon":{"url":"https:\/\/pubeurope.com\/@de\/115306491297686605","error":""},"_links":{"self":[{"href":"https:\/\/www.europesays.com\/de\/wp-json\/wp\/v2\/posts\/468275","targetHints":{"allow":["GET"]}}],"collection":[{"href":"https:\/\/www.europesays.com\/de\/wp-json\/wp\/v2\/posts"}],"about":[{"href":"https:\/\/www.europesays.com\/de\/wp-json\/wp\/v2\/types\/post"}],"author":[{"embeddable":true,"href":"https:\/\/www.europesays.com\/de\/wp-json\/wp\/v2\/users\/2"}],"replies":[{"embeddable":true,"href":"https:\/\/www.europesays.com\/de\/wp-json\/wp\/v2\/comments?post=468275"}],"version-history":[{"count":0,"href":"https:\/\/www.europesays.com\/de\/wp-json\/wp\/v2\/posts\/468275\/revisions"}],"wp:featuredmedia":[{"embeddable":true,"href":"https:\/\/www.europesays.com\/de\/wp-json\/wp\/v2\/media\/457346"}],"wp:attachment":[{"href":"https:\/\/www.europesays.com\/de\/wp-json\/wp\/v2\/media?parent=468275"}],"wp:term":[{"taxonomy":"category","embeddable":true,"href":"https:\/\/www.europesays.com\/de\/wp-json\/wp\/v2\/categories?post=468275"},{"taxonomy":"post_tag","embeddable":true,"href":"https:\/\/www.europesays.com\/de\/wp-json\/wp\/v2\/tags?post=468275"}],"curies":[{"name":"wp","href":"https:\/\/api.w.org\/{rel}","templated":true}]}}