{"id":468316,"date":"2025-10-02T20:57:13","date_gmt":"2025-10-02T20:57:13","guid":{"rendered":"https:\/\/www.europesays.com\/de\/468316\/"},"modified":"2025-10-02T20:57:13","modified_gmt":"2025-10-02T20:57:13","slug":"deutsche-baeckerei-ist-insolvent-mit-folgen-fuer-kunden-von-rewe-und-edeka-3","status":"publish","type":"post","link":"https:\/\/www.europesays.com\/de\/468316\/","title":{"rendered":"Deutsche B\u00e4ckerei ist insolvent \u2013 mit Folgen f\u00fcr Kunden von Rewe und Edeka"},"content":{"rendered":"<ol class=\"id-DonaldBreadcrumb lp_west_breadcrumb id-DonaldBreadcrumb--default\" data-k5a-pos=\"west_breadcrumb\">\n<li class=\"id-Breadcrumb-item\"><a href=\"https:\/\/www.ruhr24.de\/\" class=\"id-Breadcrumb-link\" data-id-ec=\"{\" shn=\"\" textlink=\"\" data-k5a-pos=\"1_ruhr24\" rel=\"nofollow noopener\" target=\"_blank\">ruhr24<\/a><\/li>\n<li class=\"id-Breadcrumb-item\"><a href=\"https:\/\/www.ruhr24.de\/service\/\" class=\"id-Breadcrumb-link\" data-id-ec=\"{\" shn=\"\" textlink=\"\" data-k5a-pos=\"2_service\" rel=\"nofollow noopener\" target=\"_blank\">Service<\/a><\/li>\n<\/ol>\n<p class=\"id-Story-timestamp id-Story-timestamp--default\">Stand: 02.10.2025, 08:09 Uhr<\/p>\n<p class=\"id-Story-authors id-Story-authors--default\">Von: <a class=\"id-Story-authors-link lp_west_author\" href=\"https:\/\/www.ruhr24.de\/autor\/raphael-strecker-w1ednboyw.html\" title=\"Zur Autorenseite von Raphael Strecker\" data-id-ec=\"{\" shn=\"\" author-link=\"\" strecker=\"\" data-k5a-pos=\"west_author\" rel=\"nofollow noopener\" target=\"_blank\">Raphael Strecker<\/a><\/p>\n<p class=\"id-Story-interactionBar id-Story-interactionBar--default\">DruckenTeilen<\/p>\n<p><img decoding=\"async\" class=\"id-RatioPlaceholder-element wv_story_el_image\" src=\"https:\/\/www.europesays.com\/de\/wp-content\/uploads\/2025\/09\/33183661-broetchen-in-einer-verkaufstheke-einer-baeckerei-3m2B8XrcIr7a.jpg\" loading=\"eager\" fetchpriority=\"high\"   height=\"792\" width=\"1408\" alt=\"Br&#xF6;tchen in einer Verkaufstheke einer B&#xE4;ckerei.\"\/>Eine deutsche B\u00e4ckerei k\u00e4mpft aktuell ums \u00dcberleben. \u00a9\u00a0Julian Heppe\/Funke Foto Services\/Imago<\/p>\n<p class=\"id-StoryElement-leadText\">Eine B\u00e4ckerei-Kette aus Gifhorn hat Insolvenz angemeldet. Rund 40 Filialen sind betroffen \u2013 davon einige in bekannten Superm\u00e4rkten.<\/p>\n<p class=\"id-StoryElement-paragraph\">Gifhorn \u2013 Das Familienunternehmen <strong>B\u00e4ckerei Leifert GmbH<\/strong> steckt in der Krise. Hohe Energiekosten und teure Rohstoffe haben der B\u00e4ckerei-Kette finanziell zugesetzt. Durch eine Insolvenz soll die Firma mit 40 Filialen und knapp 220 Mitarbeitern neu aufgestellt und gerettet werden.<\/p>\n<p>B\u00e4ckerei Leifert ist insolvent: Wie geht es mit Filialen und Mitarbeitern weiter?<\/p>\n<p class=\"id-StoryElement-paragraph\">Die B\u00e4ckerei-Familie Leifert bleibt am Ruder und will das Unternehmen selbst sanieren. Ein Gerichtsvertreter schaut dabei \u00fcber die Schulter. Das Ziel: Alle Jobs retten und die B\u00e4ckerei wieder auf die Beine bringen (eine\u00a0<a href=\"https:\/\/www.ruhr24.de\/service\/finanzen-schulden-unternehmen-insolvenz-aktuell-liste-firma-pleite-2025-deutschland-insolvent-93877435.html\" class=\"id-import-Link\" data-id-ec=\"{&quot;sht&quot;:&quot;Container&quot;,&quot;shn&quot;:&quot;Story&quot;,&quot;p&quot;:{&quot;containerType&quot;:&quot;Paragraph&quot;,&quot;displayType&quot;:&quot;Paragraph InlineLink&quot;,&quot;type&quot;:&quot;INLINE_LINK&quot;,&quot;value&quot;:&quot;Liste mit aktuellen Insolvenzen&quot;,&quot;variant&quot;:&quot;standardLink&quot;,&quot;sponsored&quot;:false,&quot;linkHref&quot;:&quot;https:\/\/www.ruhr24.de\/service\/finanzen-schulden-unternehmen-insolvenz-aktuell-liste-firma-pleite-2025-deutschland-insolvent-93877435.html&quot;,&quot;storyElementPosition&quot;:11,&quot;storyElementCount&quot;:25}}\" rel=\"nofollow noopener\" target=\"_blank\">Liste mit aktuellen Insolvenzen<\/a>\u00a0gibt es bei RUHR24).<\/p>\n<p class=\"id-StoryElement-paragraph\">Gesch\u00e4ftsf\u00fchrer Nils Leifert versicherte gegen\u00fcber regionalHeute, dass alle Filialen ge\u00f6ffnet bleiben. Das gewohnte Sortiment aus \u201eBackwaren, Kuchen und Snacks steht weiterhin in gewohnter Qualit\u00e4t zur Verf\u00fcgung\u201c. Die L\u00f6hne und Geh\u00e4lter der Mitarbeiter sind \u00fcber das <a href=\"#id-pageApi-insolvenzgeld\" class=\"id-import-Link\" data-id-ec=\"{&quot;sht&quot;:&quot;Container&quot;,&quot;shn&quot;:&quot;Story&quot;,&quot;p&quot;:{&quot;containerType&quot;:&quot;Paragraph&quot;,&quot;displayType&quot;:&quot;Paragraph InlineLink&quot;,&quot;type&quot;:&quot;INLINE_LINK&quot;,&quot;value&quot;:&quot;Insolvenzgeld&quot;,&quot;variant&quot;:&quot;standardLink&quot;,&quot;sponsored&quot;:false,&quot;linkHref&quot;:&quot;#id-pageApi-insolvenzgeld&quot;,&quot;storyElementPosition&quot;:12,&quot;storyElementCount&quot;:25}}\">Insolvenzgeld<\/a> gesichert.<\/p>\n<p class=\"id-StoryElement-paragraph\">Die aktuelle Wirtschaftslage bereitet auch anderen Traditionsunternehmen Probleme. So steht beispielsweise eine <a href=\"https:\/\/www.ruhr24.de\/service\/moeve-fahrrad-pleite-insolvent-ebikes-kunden-finanzen-deutschland-traditionsunternehmen-insolvenz-93932765.html\" class=\"id-import-Link\" data-id-ec=\"{&quot;sht&quot;:&quot;Container&quot;,&quot;shn&quot;:&quot;Story&quot;,&quot;p&quot;:{&quot;containerType&quot;:&quot;Paragraph&quot;,&quot;displayType&quot;:&quot;Paragraph InlineLink&quot;,&quot;type&quot;:&quot;INLINE_LINK&quot;,&quot;value&quot;:&quot;Fahrrad-Marke aus Deutschland nach 128 Jahren vor dem Aus&quot;,&quot;variant&quot;:&quot;standardLink&quot;,&quot;sponsored&quot;:false,&quot;linkHref&quot;:&quot;https:\/\/www.ruhr24.de\/service\/moeve-fahrrad-pleite-insolvent-ebikes-kunden-finanzen-deutschland-traditionsunternehmen-insolvenz-93932765.html&quot;,&quot;storyElementPosition&quot;:14,&quot;storyElementCount&quot;:25}}\" rel=\"nofollow noopener\" target=\"_blank\">Fahrrad-Marke aus Deutschland nach 128 Jahren vor dem Aus<\/a>.<\/p>\n<p>Was ist das Insolvenzgeld?<\/p>\n<p class=\"id-StoryElement-factBox-paragraph\">Wenn ein Unternehmen pleite ist und keine L\u00f6hne mehr zahlen kann, springt der Staat ein. Die Bundesagentur f\u00fcr Arbeit \u00fcbernimmt dann die Geh\u00e4lter f\u00fcr die letzten drei Monate vor der Insolvenz. Das Geld ist steuerfrei und wird einmalig ausgezahlt.<\/p>\n<p class=\"id-StoryElement-factBox-paragraph\">Betroffene Mitarbeiter m\u00fcssen das Insolvenzgeld selbst bei der Arbeitsagentur beantragen. Die Frist daf\u00fcr betr\u00e4gt zwei Monate nach Er\u00f6ffnung des Insolvenzverfahrens. Meist entspricht die H\u00f6he dem normalen Nettogehalt.<\/p>\n<p class=\"id-StoryElement-factBox-paragraph\">Parallel dazu k\u00f6nnen Betroffene auch Arbeitslosengeld beziehen. Das Insolvenzgeld wird dann angerechnet, verk\u00fcrzt aber nicht die Bezugsdauer des Arbeitslosengelds.<\/p>\n<p class=\"id-StoryElement-factBox-paragraph\">Quelle: Bundesagentur f\u00fcr Arbeit<\/p>\n<p>B\u00e4ckerei Leifert ist insolvent: Welche Superm\u00e4rkte sind betroffen?<\/p>\n<p class=\"id-StoryElement-paragraph\">Die B\u00e4ckerei Leifert betreibt zahlreiche Filialen in gro\u00dfen Supermarktketten. Besonders stark vertreten ist das Unternehmen bei Netto mit insgesamt elf Standorten. Bei Rewe gibt es f\u00fcnf Leifert-Filialen, bei Edeka eine Filiale. <strong>Alle Filialen in Superm\u00e4rkten im \u00dcberblick:<\/strong><\/p>\n<ul class=\"id-StoryElement-list id-StoryElement-list--unordered\">\n<li class=\"id-StoryElement-list-item\">Leifert im Netto Bienrode, Braunschweig<\/li>\n<li class=\"id-StoryElement-list-item\">Leifert im Netto Eicklingen, Eicklingen<\/li>\n<li class=\"id-StoryElement-list-item\">Leifert im Netto Celler Stra\u00dfe, Gifhorn<\/li>\n<li class=\"id-StoryElement-list-item\">Leifert im Netto Gamsen, Gifhorn<\/li>\n<li class=\"id-StoryElement-list-item\">Leifert im Netto Koppelweg, Gifhorn<\/li>\n<li class=\"id-StoryElement-list-item\">Leifert im Netto Meinersen, Meinersen<\/li>\n<li class=\"id-StoryElement-list-item\">Leifert im Netto M\u00fcden, M\u00fcden (Aller)<\/li>\n<li class=\"id-StoryElement-list-item\">Leifert im Netto Weyhausen, Weyhausen<\/li>\n<li class=\"id-StoryElement-list-item\">Leifert im Netto Flechtorf, Lehre<\/li>\n<li class=\"id-StoryElement-list-item\">Leifert im Netto M\u00f6rse, Wolfsburg<\/li>\n<li class=\"id-StoryElement-list-item\">Leifert im Netto S\u00fclfeld, Wolfsburg<\/li>\n<li class=\"id-StoryElement-list-item\">Leifert im Rewe Limbergstra\u00dfe, Gifhorn<\/li>\n<li class=\"id-StoryElement-list-item\">Leifert im Rewe Kronsrode, Hannover<\/li>\n<li class=\"id-StoryElement-list-item\">Leifert im Rewe Hohenhameln, Hohenhameln<\/li>\n<li class=\"id-StoryElement-list-item\">Leifert im Rewe Peine, Peine<\/li>\n<li class=\"id-StoryElement-list-item\">Leifert im Rewe Fallersleben, Wolfsburg<\/li>\n<li class=\"id-StoryElement-list-item\">Leifert im Rewe Vorsfelde, Wolfsburg<\/li>\n<li class=\"id-StoryElement-list-item\">Leifert im Edeka Leiferde, Leiferde<\/li>\n<\/ul>\n<p class=\"id-StoryElement-paragraph\">Es gibt au\u00dferdem noch Leifert-B\u00e4ckerein in zwei Kaufland-M\u00e4rkten (Garbsen und Wolfsburg) und in zwei Penny-M\u00e4rkten (Gifhorn und Wolfsburg). In Wesendorf betreibt Leifert eine weitere B\u00e4ckerei in einer Lidl-Filiale.<\/p>\n<p>Weitere News aus dem Service: <\/p>\n<p class=\"id-StoryElement-factBox-paragraph\"><a href=\"https:\/\/www.ruhr24.de\/service\/rundfunkbeitrag-gez-ard-zdf-beitrag-erhoehung-verfassungsgericht-entscheidung-finanzen-urteil-93958849.html\" class=\"id-import-Link\" data-id-ec=\"{&quot;sht&quot;:&quot;Container&quot;,&quot;shn&quot;:&quot;Story&quot;,&quot;p&quot;:{&quot;containerType&quot;:&quot;FactBox&quot;,&quot;displayType&quot;:&quot;FactBox InlineLink&quot;,&quot;type&quot;:&quot;INLINE_LINK&quot;,&quot;value&quot;:&quot;Rundfunkbeitrag-Erh&#xF6;hung: Verfassungsgericht trifft Entscheidung&quot;,&quot;variant&quot;:&quot;standardLink&quot;,&quot;sponsored&quot;:false,&quot;linkHref&quot;:&quot;https:\/\/www.ruhr24.de\/service\/rundfunkbeitrag-gez-ard-zdf-beitrag-erhoehung-verfassungsgericht-entscheidung-finanzen-urteil-93958849.html&quot;,&quot;storyElementPosition&quot;:21,&quot;storyElementCount&quot;:25}}\" rel=\"nofollow noopener\" target=\"_blank\">Rundfunkbeitrag-Erh\u00f6hung: Verfassungsgericht trifft Entscheidung<\/a><\/p>\n<p class=\"id-StoryElement-factBox-paragraph\"><a href=\"https:\/\/www.ruhr24.de\/service\/melden-mogelpackung-monat-rossmann-domol-wc-tabs-stiftung-warentest-fuellhoehe-preis-93958464.html\" class=\"id-import-Link\" data-id-ec=\"{&quot;sht&quot;:&quot;Container&quot;,&quot;shn&quot;:&quot;Story&quot;,&quot;p&quot;:{&quot;containerType&quot;:&quot;FactBox&quot;,&quot;displayType&quot;:&quot;FactBox InlineLink&quot;,&quot;type&quot;:&quot;INLINE_LINK&quot;,&quot;value&quot;:&quot;Mogelpackung bei Rossmann ver&#xE4;rgert Kunden: &#x201E;Entt&#xE4;uscht &#xFC;ber die F&#xFC;llh&#xF6;he&#x201C;&quot;,&quot;variant&quot;:&quot;standardLink&quot;,&quot;sponsored&quot;:false,&quot;linkHref&quot;:&quot;https:\/\/www.ruhr24.de\/service\/melden-mogelpackung-monat-rossmann-domol-wc-tabs-stiftung-warentest-fuellhoehe-preis-93958464.html&quot;,&quot;storyElementPosition&quot;:21,&quot;storyElementCount&quot;:25}}\" rel=\"nofollow noopener\" target=\"_blank\">Mogelpackung bei Rossmann ver\u00e4rgert Kunden: \u201eEntt\u00e4uscht \u00fcber die F\u00fcllh\u00f6he\u201c<\/a><\/p>\n<p class=\"id-StoryElement-factBox-paragraph\"><a href=\"https:\/\/www.ruhr24.de\/service\/solar-photovoltaik-foerderung-zuschsuss-haushalt-eeg-aenderung-regierung-einspeisen-verguetung-93958256.html\" class=\"id-import-Link\" data-id-ec=\"{&quot;sht&quot;:&quot;Container&quot;,&quot;shn&quot;:&quot;Story&quot;,&quot;p&quot;:{&quot;containerType&quot;:&quot;FactBox&quot;,&quot;displayType&quot;:&quot;FactBox InlineLink&quot;,&quot;type&quot;:&quot;INLINE_LINK&quot;,&quot;value&quot;:&quot;Solarf&#xF6;rderung vor dem Aus &#x2013; mit Folgen f&#xFC;r Millionen Haushalte&quot;,&quot;variant&quot;:&quot;standardLink&quot;,&quot;sponsored&quot;:false,&quot;linkHref&quot;:&quot;https:\/\/www.ruhr24.de\/service\/solar-photovoltaik-foerderung-zuschsuss-haushalt-eeg-aenderung-regierung-einspeisen-verguetung-93958256.html&quot;,&quot;storyElementPosition&quot;:21,&quot;storyElementCount&quot;:25}}\" rel=\"nofollow noopener\" target=\"_blank\">Solarf\u00f6rderung vor dem Aus \u2013 mit Folgen f\u00fcr Millionen Haushalte<\/a><\/p>\n<p>B\u00e4ckerei Leifert ist insolvent: Was sind die Gr\u00fcnde und wie geht es weiter?<\/p>\n<p class=\"id-StoryElement-paragraph\">Gesch\u00e4ftsf\u00fchrer Nils Leifert macht die drastisch gestiegenen Kosten f\u00fcr die Krise verantwortlich. Davon sind nicht nur die Leiferts betroffen \u2013 die gesamte B\u00e4ckereibranche k\u00e4mpft mit diesen Problemen. Leifert gibt sich zuversichtlich: \u201eMit dem Verfahren haben wir die M\u00f6glichkeit, Restrukturierungsma\u00dfnahmen umzusetzen und unser Traditionsunternehmen langfristig zu erhalten.\u201c<\/p>\n<p class=\"id-StoryElement-paragraph\">Der Rechtsanwalt Joachim Walterscheid steht als Experte zur Seite. Auch er sieht in der Insolvenz eine Chance: \u201eMit der Eigenverwaltung schaffen wir die Basis, die Strukturen an die aktuellen Marktbedingungen anzupassen und Leifert langfristig wettbewerbsf\u00e4hig zu machen.\u201c<\/p>\n","protected":false},"excerpt":{"rendered":"ruhr24 Service Stand: 02.10.2025, 08:09 Uhr Von: Raphael Strecker DruckenTeilen Eine deutsche B\u00e4ckerei k\u00e4mpft aktuell ums \u00dcberleben. \u00a9\u00a0Julian&hellip;\n","protected":false},"author":2,"featured_media":462846,"comment_status":"","ping_status":"","sticky":false,"template":"","format":"standard","meta":{"footnotes":""},"categories":[134],"tags":[175,170,169,29,30,171,174,173,172],"class_list":{"0":"post-468316","1":"post","2":"type-post","3":"status-publish","4":"format-standard","5":"has-post-thumbnail","7":"category-unternehmen-maerkte","8":"tag-business","9":"tag-companies","10":"tag-companies-markets","11":"tag-deutschland","12":"tag-germany","13":"tag-markets","14":"tag-maerkte","15":"tag-unternehmen","16":"tag-unternehmen-maerkte"},"share_on_mastodon":{"url":"https:\/\/pubeurope.com\/@de\/115306577489263613","error":""},"_links":{"self":[{"href":"https:\/\/www.europesays.com\/de\/wp-json\/wp\/v2\/posts\/468316","targetHints":{"allow":["GET"]}}],"collection":[{"href":"https:\/\/www.europesays.com\/de\/wp-json\/wp\/v2\/posts"}],"about":[{"href":"https:\/\/www.europesays.com\/de\/wp-json\/wp\/v2\/types\/post"}],"author":[{"embeddable":true,"href":"https:\/\/www.europesays.com\/de\/wp-json\/wp\/v2\/users\/2"}],"replies":[{"embeddable":true,"href":"https:\/\/www.europesays.com\/de\/wp-json\/wp\/v2\/comments?post=468316"}],"version-history":[{"count":0,"href":"https:\/\/www.europesays.com\/de\/wp-json\/wp\/v2\/posts\/468316\/revisions"}],"wp:featuredmedia":[{"embeddable":true,"href":"https:\/\/www.europesays.com\/de\/wp-json\/wp\/v2\/media\/462846"}],"wp:attachment":[{"href":"https:\/\/www.europesays.com\/de\/wp-json\/wp\/v2\/media?parent=468316"}],"wp:term":[{"taxonomy":"category","embeddable":true,"href":"https:\/\/www.europesays.com\/de\/wp-json\/wp\/v2\/categories?post=468316"},{"taxonomy":"post_tag","embeddable":true,"href":"https:\/\/www.europesays.com\/de\/wp-json\/wp\/v2\/tags?post=468316"}],"curies":[{"name":"wp","href":"https:\/\/api.w.org\/{rel}","templated":true}]}}