{"id":468364,"date":"2025-10-02T21:24:14","date_gmt":"2025-10-02T21:24:14","guid":{"rendered":"https:\/\/www.europesays.com\/de\/468364\/"},"modified":"2025-10-02T21:24:14","modified_gmt":"2025-10-02T21:24:14","slug":"der-boersen-tag-inflationssorgen-in-grossbritannien","status":"publish","type":"post","link":"https:\/\/www.europesays.com\/de\/468364\/","title":{"rendered":"Der B\u00f6rsen-Tag: Inflationssorgen in Gro\u00dfbritannien"},"content":{"rendered":"<p>                    Der B\u00f6rsen-Tag<br \/>\n                Inflationssorgen in Gro\u00dfbritannien <\/p>\n<p>\t\t\t\t              02.10.2025, 16:42 Uhr<\/p>\n<p>                <a href=\"https:\/\/www.europesays.com\/de\/wp-content\/uploads\/2025\/10\/Die-Bank-of-England-senkt-ihren-Leitzins-Archivfoto-.jpg\">     <img decoding=\"async\" alt=\"Geb\u00e4ude der Bank of England in London.\" src=\"https:\/\/www.europesays.com\/de\/wp-content\/uploads\/2025\/10\/Die-Bank-of-England-senkt-ihren-Leitzins-Archivfoto-.jpg\" class=\"lazyload\"\/>  <\/a>  <\/p>\n<p class=\"article__aside__caption\">Geb\u00e4ude der Bank of England in London.<\/p>\n<p class=\"article__aside__copy\">(Foto: Frank Augstein\/AP\/dpa)<\/p>\n<p><b>Britische Unternehmen<\/b> wollen einer Umfrage zufolge so wenig neues Personal einstellen wie seit dem Corona-Jahr 2020 nicht mehr. Zugleich rechnen sie mit der gr\u00f6\u00dften Inflation seit Anfang 2024, wie aus den am Donnerstag ver\u00f6ffentlichten Daten der<b> britischen Notenbank (BoE)<\/b> hervorgeht. Die Umfrage st\u00fctzt sich auf Daten aus den drei Monaten bis September. <\/p>\n<p>F\u00fcr die n\u00e4chsten zw\u00f6lf Monate gehen die Firmen demnach davon aus, ihre Besch\u00e4ftigung nur stabil zu halten. Dass sie kein Personal aufstocken w\u00fcrden, hatten sie zuletzt in den drei Monaten bis November 2020 erwartet. Au\u00dferdem rechnen sie mit einer <b>Inflation <\/b>von 3,4 Prozent. Ihre eigenen Preise wollen sie um 3,7 Prozent anheben, so wie bereits in den drei Monaten bis August.<\/p>\n","protected":false},"excerpt":{"rendered":"Der B\u00f6rsen-Tag Inflationssorgen in Gro\u00dfbritannien 02.10.2025, 16:42 Uhr Geb\u00e4ude der Bank of England in London. (Foto: Frank Augstein\/AP\/dpa)&hellip;\n","protected":false},"author":2,"featured_media":468365,"comment_status":"","ping_status":"","sticky":false,"template":"","format":"standard","meta":{"footnotes":""},"categories":[3976],"tags":[331,332,1752,282,4766,13,119582,14,15,12,3992,3993,3994,3995,3996,3997],"class_list":{"0":"post-468364","1":"post","2":"type-post","3":"status-publish","4":"format-standard","5":"has-post-thumbnail","7":"category-vereinigtes-koenigreich","8":"tag-aktuelle-nachrichten","9":"tag-aktuelle-news","10":"tag-boersen-tag","11":"tag-der","12":"tag-grobritannien","13":"tag-headlines","14":"tag-inflationssorgen","15":"tag-nachrichten","16":"tag-news","17":"tag-schlagzeilen","18":"tag-uk","19":"tag-united-kingdom","20":"tag-united-kingdom-of-great-britain-and-northern-ireland","21":"tag-vereinigtes-koenigreich","22":"tag-vereinigtes-koenigreich-grossbritannien-und-nordirland","23":"tag-vereinigtes-koenigreich-von-grossbritannien-und-nordirland"},"share_on_mastodon":{"url":"https:\/\/pubeurope.com\/@de\/115306684019453912","error":""},"_links":{"self":[{"href":"https:\/\/www.europesays.com\/de\/wp-json\/wp\/v2\/posts\/468364","targetHints":{"allow":["GET"]}}],"collection":[{"href":"https:\/\/www.europesays.com\/de\/wp-json\/wp\/v2\/posts"}],"about":[{"href":"https:\/\/www.europesays.com\/de\/wp-json\/wp\/v2\/types\/post"}],"author":[{"embeddable":true,"href":"https:\/\/www.europesays.com\/de\/wp-json\/wp\/v2\/users\/2"}],"replies":[{"embeddable":true,"href":"https:\/\/www.europesays.com\/de\/wp-json\/wp\/v2\/comments?post=468364"}],"version-history":[{"count":0,"href":"https:\/\/www.europesays.com\/de\/wp-json\/wp\/v2\/posts\/468364\/revisions"}],"wp:featuredmedia":[{"embeddable":true,"href":"https:\/\/www.europesays.com\/de\/wp-json\/wp\/v2\/media\/468365"}],"wp:attachment":[{"href":"https:\/\/www.europesays.com\/de\/wp-json\/wp\/v2\/media?parent=468364"}],"wp:term":[{"taxonomy":"category","embeddable":true,"href":"https:\/\/www.europesays.com\/de\/wp-json\/wp\/v2\/categories?post=468364"},{"taxonomy":"post_tag","embeddable":true,"href":"https:\/\/www.europesays.com\/de\/wp-json\/wp\/v2\/tags?post=468364"}],"curies":[{"name":"wp","href":"https:\/\/api.w.org\/{rel}","templated":true}]}}