{"id":468410,"date":"2025-10-02T21:50:21","date_gmt":"2025-10-02T21:50:21","guid":{"rendered":"https:\/\/www.europesays.com\/de\/468410\/"},"modified":"2025-10-02T21:50:21","modified_gmt":"2025-10-02T21:50:21","slug":"heidi-klum-strahlt-in-duesseldorf-das-ist-ihr-bester-tipp-fuer-junge-frauen","status":"publish","type":"post","link":"https:\/\/www.europesays.com\/de\/468410\/","title":{"rendered":"Heidi Klum strahlt in D\u00fcsseldorf: Das ist ihr bester Tipp f\u00fcr junge Frauen"},"content":{"rendered":"<p>        Heidi Klum strahlt in D\u00fcsseldorf<br \/>\n      Das ist ihr bester Tipp f\u00fcr junge Frauen<\/p>\n<p>            Kopiere den aktuellen Link<\/p>\n<p>          Zur Merkliste hinzuf\u00fcgen<\/p>\n<p>Direkt von der Fashion Week in Paris reiste Heidi Klum nach D\u00fcsseldorf und gew\u00e4hrt im Interview private Einblicke.<\/p>\n<p class=\"typo-body-sc-md\"><a class=\"\" data-target-type=\"article\" href=\"https:\/\/www.stern.de\/lifestyle\/leute\/themen\/heidi-klum-4540540.html\" rel=\"nofollow noopener\" target=\"_blank\">Heidi Klum<\/a> (52) g\u00f6nnt sich derzeit keine Pause: Direkt von der Fashion Week in Paris reiste sie nach D\u00fcsseldorf, wo das Supermodel auf der K\u00f6nigsallee den neuen Pop-up-Store von L&#8217;Or\u00e9al Paris er\u00f6ffnete. &#8222;Ich liebe es, unterwegs zu sein&#8220;, schw\u00e4rmt die 52-J\u00e4hrige.<\/p>\n<p class=\"typo-body-sc-md\">In einem eleganten wei\u00dfen Ensemble aus Rock und Bluse erschien sie bestens gelaunt und perfekt gestylt vor ihren wartenden Fans. &#8222;Wenn ich mich gut f\u00fchle, strahle ich automatisch&#8220;, erkl\u00e4rt die vierfache Mutter. Im Interview spricht Klum nicht nur \u00fcber Mode, sondern verr\u00e4t auch, welche Tipps sie jungen <a class=\"taxonomy-entity keyword\" data-target-type=\"article\" href=\"https:\/\/www.stern.de\/kultur\/musik\/themen\/frauen-8715350.html\" rel=\"nofollow noopener\" target=\"_blank\">Frauen<\/a> mit auf den Weg geben m\u00f6chte.<\/p>\n<p>  Von der Pariser &#8222;Le D\u00e9fil\u00e9&#8220;-Show ging es direkt nach D\u00fcsseldorf zur Er\u00f6ffnung des Pop-up Stores &#8211; ein ganz sch\u00f6n straffes Programm?<\/p>\n<p class=\"typo-body-sc-md\">Heidi Klum: Ich liebe es, unterwegs zu sein &#8211; besonders rund um die Fashion Week macht das einfach gro\u00dfen Spa\u00df. Solche Momente wie jetzt in <a class=\"taxonomy-entity place\" data-target-type=\"article\" href=\"https:\/\/www.stern.de\/politik\/deutschland\/themen\/duesseldorf-4540710.html\" rel=\"nofollow noopener\" target=\"_blank\">D\u00fcsseldorf<\/a> geben mir unglaublich viel Energie: Im Pop-up kann man in die Welt von L&#8217;Or\u00e9al Paris eintauchen, die neuesten Highlights ausprobieren und sich sogar im exklusiven D\u00e9fil\u00e9-Look schminken lassen. Mein pers\u00f6nliches Highlight war das Meet &amp; Greet im Store. Ehrlich gesagt dachte ich am Anfang, vielleicht kommt gar niemand &#8211; und dann war es so sch\u00f6n, die vielen Fans dort zu treffen.<\/p>\n<p>  In Paris gl\u00e4nzten Sie in einem eleganten schwarzen Kleid, in D\u00fcsseldorf setzten Sie auf ein wei\u00dfes Set aus langem Rock und passender Bluse. Wie w\u00e4hlen Sie Ihre Looks aus?<\/p>\n<p class=\"typo-body-sc-md\">Klum: Ich entscheide das immer ganz spontan &#8211; ein Look muss einfach zu meiner Stimmung passen. In <a class=\"taxonomy-entity place\" data-target-type=\"article\" href=\"https:\/\/www.stern.de\/politik\/ausland\/themen\/paris-4154732.html\" rel=\"nofollow noopener\" target=\"_blank\">Paris<\/a> habe ich mich f\u00fcr einen Show-Look entschieden, der f\u00fcr mich die perfekte Mischung aus Power und Eleganz verk\u00f6rperte.<\/p>\n<p>  Outfit und Make-up unterstreichen die Pers\u00f6nlichkeit. Was sagen Ihr Kleiderschrank und Ihre Beauty-Produkte \u00fcber Sie aus?<\/p>\n<p class=\"typo-body-sc-md\">Klum: Mein Kleiderschrank ist wie ein gro\u00dfer Department-Store &#8211; ich liebe es, sch\u00f6ne St\u00fccke aufzubewahren und immer wieder neu zu kombinieren. Bei Beauty-Produkten bin ich ebenso treu. Und beim Make-up variiere ich von einem nat\u00fcrlichen &#8222;No-Make-up-Look&#8220; bis hin zu voller Glam &#8211; richtig &#8222;auf die Zw\u00f6lf&#8220;.<\/p>\n<p>  Sie stehen immer top gestylt vor der Fernsehkamera, auf dem roten Teppich oder dem Laufsteg. Versp\u00fcren Sie Druck, Perfektion abzuliefern?<\/p>\n<p class=\"typo-body-sc-md\">Klum: Mir ist wichtig, einen Look zu w\u00e4hlen, in dem ich mich wirklich wohlf\u00fchle. Denn Perfektion allein kann manchmal langweilig sein &#8211; das Echte macht uns doch aus. Wenn ich mich gut f\u00fchle, strahle ich automatisch, und genau das ist f\u00fcr mich wahre Sch\u00f6nheit.<\/p>\n<p>  Wie gehen Sie damit um, wenn Sie mal einen schlechten Tag haben und vor der Kamera stehen?<\/p>\n<p class=\"typo-body-sc-md\">Klum: Dann vertraue ich auf ein gutes Team &#8211; und auf gutes Make-up! (lacht)<\/p>\n<p>  Gibt es einen Unterschied zwischen Heidi Klum vor der Kamera und der Privatperson Heidi Klum?<\/p>\n<p class=\"typo-body-sc-md\">Klum: Nat\u00fcrlich. Vor der <a class=\"taxonomy-entity keyword\" data-target-type=\"article\" href=\"https:\/\/www.stern.de\/lifestyle\/themen\/kamera-6269682.html\" rel=\"nofollow noopener\" target=\"_blank\">Kamera<\/a> bin ich &#8222;on&#8220;, privat bin ich einfach Heidi. Zu Hause laufe ich viel entspannter herum.<\/p>\n<p>  Wie oft setzen Sie auf Jogginghose und verzichten auf Make-up?<\/p>\n<p class=\"typo-body-sc-md\">Klum: Sehr oft! Zu Hause bin ich am liebsten gem\u00fctlich unterwegs &#8211; Jogginghose, T-Shirt, ungeschminkt. Ich glaube, das ist mein Geheimnis: die Balance zwischen den Glamour-Momenten und dem ganz normalen Alltag.<\/p>\n<p>  Sie sind in Deutschland und in den USA ein Star &#8211; was raten Sie jungen Frauen, die sich eine Karriere wie Ihre w\u00fcnschen?<\/p>\n<p class=\"typo-body-sc-md\">Klum: Mein bester Tipp f\u00fcr junge Frauen: Seid ihr selbst, glaubt an euch und habt keine Angst, anders zu sein. Genau das macht euch spannend. Setzt eure eigenen Ma\u00dfst\u00e4be &#8211; ihr seid es wert, euren eigenen Weg zu gehen.<\/p>\n<p>  Ist es als junge Frau heute schwieriger oder leichter, seinen eigenen Weg zu finden als bei Ihnen damals?<\/p>\n<p class=\"typo-body-sc-md\">Klum: Ich glaube, jede Generation hat ihre eigenen Herausforderungen. Als ich angefangen habe, gab es Social Media noch nicht &#8211; man musste sich behaupten, ohne eine Plattform, auf der man sich selbst pr\u00e4sentieren konnte. Heute gibt es viel mehr M\u00f6glichkeiten, sichtbar zu werden, aber gleichzeitig auch viel mehr Druck, st\u00e4ndig perfekt zu erscheinen. Genau deshalb ist es so wichtig, sich nicht zu vergleichen. Jede Frau sollte ihren eigenen Weg gehen, ihre eigene Stimme finden &#8211; und stolz darauf sein.<\/p>\n<p>  Was h\u00e4tten Sie gerne schon vor 30 Jahren gewusst, was Sie heute der j\u00fcngeren Generation weitergeben wollen?<\/p>\n<p class=\"typo-body-sc-md\">Klum: Dass man nicht immer alles perfekt machen muss. Fehler sind erlaubt, und auch Umwege darf man gehen &#8211; oft bringen sie einen sogar noch weiter.<\/p>\n<p>  Sie gelten als Vorbild f\u00fcr Frauen aller Altersstufen: Was ist das Wichtigste, was Sie anderen mitgeben wollen und k\u00f6nnen?<\/p>\n<p class=\"typo-body-sc-md\">Klum: Sch\u00f6nheit ist keine Frage des Alters. Es geht vielmehr darum, wie man sich f\u00fchlt und wie man mit sich selbst umgeht. Selbstbewusstsein ist das sch\u00f6nste Accessoire, das man tragen kann. Besonders inspirierend finde ich Botschafterinnen von L&#8217;Or\u00e9al Paris wie Andie MacDowell, die mit \u00fcber 60 noch so stark und elegant auftreten und zeigen: Sch\u00f6nheit entwickelt sich mit uns.<\/p>\n<p>  Neben Ihren Red-Carpet-Looks sind Ihre Halloween-Auftritte legend\u00e4r. Was ist das Sch\u00f6nste am Verkleiden f\u00fcr Sie &#8211; und worauf k\u00f6nnen sich die Fans dieses Jahr freuen?<\/p>\n<p class=\"typo-body-sc-md\">Klum: Halloween ist f\u00fcr mich ein Riesenspa\u00df &#8211; ich liebe es, in eine ganz andere Rolle zu schl\u00fcpfen und meine Fantasie auszuleben. Mehr darf ich noch nicht verraten, aber eines kann ich sagen: Es wird auf jeden Fall wieder spektakul\u00e4r.<\/p>\n<p>\n    SpotOnNews\n  <\/p>\n","protected":false},"excerpt":{"rendered":"Heidi Klum strahlt in D\u00fcsseldorf Das ist ihr bester Tipp f\u00fcr junge Frauen Kopiere den aktuellen Link Zur&hellip;\n","protected":false},"author":2,"featured_media":468411,"comment_status":"","ping_status":"","sticky":false,"template":"","format":"standard","meta":{"footnotes":""},"categories":[1831],"tags":[3364,29,3405,30,1209],"class_list":{"0":"post-468410","1":"post","2":"type-post","3":"status-publish","4":"format-standard","5":"has-post-thumbnail","7":"category-duesseldorf","8":"tag-de","9":"tag-deutschland","10":"tag-duesseldorf","11":"tag-germany","12":"tag-nordrhein-westfalen"},"share_on_mastodon":{"url":"https:\/\/pubeurope.com\/@de\/115306785958657291","error":""},"_links":{"self":[{"href":"https:\/\/www.europesays.com\/de\/wp-json\/wp\/v2\/posts\/468410","targetHints":{"allow":["GET"]}}],"collection":[{"href":"https:\/\/www.europesays.com\/de\/wp-json\/wp\/v2\/posts"}],"about":[{"href":"https:\/\/www.europesays.com\/de\/wp-json\/wp\/v2\/types\/post"}],"author":[{"embeddable":true,"href":"https:\/\/www.europesays.com\/de\/wp-json\/wp\/v2\/users\/2"}],"replies":[{"embeddable":true,"href":"https:\/\/www.europesays.com\/de\/wp-json\/wp\/v2\/comments?post=468410"}],"version-history":[{"count":0,"href":"https:\/\/www.europesays.com\/de\/wp-json\/wp\/v2\/posts\/468410\/revisions"}],"wp:featuredmedia":[{"embeddable":true,"href":"https:\/\/www.europesays.com\/de\/wp-json\/wp\/v2\/media\/468411"}],"wp:attachment":[{"href":"https:\/\/www.europesays.com\/de\/wp-json\/wp\/v2\/media?parent=468410"}],"wp:term":[{"taxonomy":"category","embeddable":true,"href":"https:\/\/www.europesays.com\/de\/wp-json\/wp\/v2\/categories?post=468410"},{"taxonomy":"post_tag","embeddable":true,"href":"https:\/\/www.europesays.com\/de\/wp-json\/wp\/v2\/tags?post=468410"}],"curies":[{"name":"wp","href":"https:\/\/api.w.org\/{rel}","templated":true}]}}