{"id":468432,"date":"2025-10-02T22:02:34","date_gmt":"2025-10-02T22:02:34","guid":{"rendered":"https:\/\/www.europesays.com\/de\/468432\/"},"modified":"2025-10-02T22:02:34","modified_gmt":"2025-10-02T22:02:34","slug":"menschen-aus-meinem-umfeld-seit-ueber-einem-jahr-mit-nachrichten-verunsichert","status":"publish","type":"post","link":"https:\/\/www.europesays.com\/de\/468432\/","title":{"rendered":"\u201eMenschen aus meinem Umfeld seit \u00fcber einem Jahr mit Nachrichten verunsichert\u201c"},"content":{"rendered":"<p class=\"tspBPlp tspBPlq\">Das pers\u00f6nliche Umfeld des Gr\u00fcnen-Bundestagsabgeordneten Stefan Gelbhaar sieht sich nach dessen Angaben schon l\u00e4nger mit Vorw\u00fcrfen gegen ihn konfrontiert. \u201eIch wei\u00df, dass <strong>seit \u00fcber einem Jahr<\/strong> Menschen aus meinem Umfeld mit Nachrichten in Bezug auf meine Person verunsichert werden\u201c, erkl\u00e4rte Gelbhaar in einem <a href=\"https:\/\/www.berliner-zeitung.de\/politik-gesellschaft\/stefan-gelbhaar-im-interview-rbb-kann-sich-erst-entschuldigen-wenn-fehler-aufgearbeitet-wurden-li.2292683\" target=\"_blank\" rel=\"noopener\" class=\"link link--external\" data-gtm-class=\"article-text-link\" data-gtm-val=\"external\" aria-describedby=\"message-target-blank\">Interview mit der \u201eBerliner Zeitung\u201c<\/a>. \u201eWer da die Quelle ist, wird sich hoffentlich noch herausstellen.\u201c Einzelheiten zu den Nachrichten wollte der Pankower Politiker am Sonntag auch auf Tagesspiegel-Nachfrage nicht preisgeben.<\/p>\n<p><a href=\"https:\/\/abo.tagesspiegel.de\/tagesspiegel-app?icid=single-topic_13131385___\" data-gtm-class=\"article-mzt-link\" class=\"tspB1mf\" target=\"_blank\" rel=\"noopener\">Die Tagesspiegel-App Aktuelle Nachrichten, Hintergr\u00fcnde und Analysen direkt auf Ihr Smartphone. Dazu die digitale Zeitung. Hier gratis herunterladen.  <\/a><\/p>\n<p class=\"tspBPlp\">\u00d6ffentlich bekannt geworden waren Vorw\u00fcrfe der sexuellen Bel\u00e4stigung erstmals im Dezember. Besonders schwerwiegende Anschuldigungen haben sich inzwischen als gef\u00e4lscht herausgestellt. Sieben Personen halten jedoch gegen\u00fcber einer Ombudsstelle der Bundespartei gemachte Angaben weiterhin aufrecht.<\/p>\n<blockquote class=\"tspBZmb\">\n<p>Man kann sich erst entschuldigen, wenn man die Fehler aufgearbeitet hat.<\/p>\n<\/blockquote>\n<p class=\"tspBZmc\"><strong>Stefan Gelbhaar,<\/strong> Berliner Bundestagsabgeordneter, zur RBB-Berichterstattung<\/p>\n<p class=\"tspBPlp\">Details zu diesen Vorw\u00fcrfen sind bislang nicht bekannt. \u201eIch habe aber von der Ombudsstelle erfahren, dass es hier um <strong>subjektives Unwohlsein<\/strong> gehen soll, um Eindr\u00fccke\u201c, erkl\u00e4rte Gelbhaar und erg\u00e4nzte: \u201eDa ist es unheimlich schwer, \u00fcberhaupt von Schuld oder Unschuld zu sprechen.\u201c<\/p>\n<p class=\"tspBPlp\">Der Justiziar der Bundespartei hatte die verbleibenden Anschuldigungen in einem Schreiben, das dem Tagesspiegel vorliegt, hingegen so charakterisiert, dass sie sich <strong>\u201ezu einem relevanten Vorwurf grenzverletzenden Verhaltens verdichten\u201c<\/strong>.<\/p>\n<p> Gelbhaar begr\u00fc\u00dft geplante externe Aufarbeitung der RBB-Berichterstattung <\/p>\n<p class=\"tspBPlp\">Die Entschuldigung des RBB f\u00fcr eine fehlerhafte Berichterstattung \u00fcber die Vorw\u00fcrfe will Gelbhaar vorerst nicht annehmen. Der Chefredakteur des RBB, David Biesinger, habe sich <strong>pers\u00f6nlich mit ihm getroffen<\/strong> und um Entschuldigung gebeten, sagte der 48-J\u00e4hrige. \u201eMan kann sich erst entschuldigen, wenn man die Fehler aufgearbeitet hat\u201c, wandte er jedoch ein, auch wenn er <a href=\"https:\/\/www.tagesspiegel.de\/berlin\/du-bist-ein-mastermind-machte-eine-bundestagskandidatin-der-grunen-mit-beim-gelbhaar-sturz-13076296.html?icid=in-text-link_13131385\" class=\"link link--internal\" data-gtm-class=\"article-text-link\" data-gtm-val=\"internal\" target=\"_blank\" rel=\"noopener\">die Aufarbeitung des Falls<\/a> durch eine externe Kommission begr\u00fc\u00dft.<\/p>\n<p class=\"tspBPlp\">Er sei <strong>Opfer \u201eerheblicher Straftaten\u201c geworden<\/strong>, sagte Gelbhaar der \u201eBerliner Zeitung\u201c. \u201eZiel von massiven Straftaten geworden zu sein, das hinterl\u00e4sst einen sehr tiefen Riss in einem. Wenn diese falschen, krassen Behauptungen dann noch derma\u00dfen breit in der \u00d6ffentlichkeit, im eigenen Umfeld, im weiteren Umfeld, \u00fcberall diskutiert werden \u2013 das macht dich kaputt.\u201c Sein politischer Lebensweg sei entwertet, sagte Gelbhaar weiter. \u201eDie Berichterstattung des RBB hat leider massiv damit zu tun.\u201c <\/p>\n<p class=\"tspBPlp\">Gelbhaar kritisierte, dass die <strong>Unschuldsvermutung f\u00fcr ihn nicht gegolten<\/strong> habe. \u201eDie Unschuldsvermutung ist ein Verfahrensgrundsatz, er gilt f\u00fcr Beschuldigte.\u201c Man k\u00f6nne sich nicht die Betroffenen aussuchen, denen geglaubt werden soll. \u201eEntweder gilt dieser grunds\u00e4tzlich empathische Gedanke umfassend, oder er gilt nicht.\u201c Ihm sei schnell bewusst geworden, dass er seine Unschuld beweisen m\u00fcsse. Das Prinzip Aussage gegen Aussage reiche vor Gericht, \u201eaber nicht politisch\u201c.<\/p>\n<p> Gelbhaar hat Vorw\u00fcrfe bestritten <\/p>\n<p class=\"tspBPlp\">Auch RBB-Senderchefin Ulrike Demmer hatte Gelbhaar am Donnerstag in einer \u00f6ffentlichen RBB-Rundfunkratssitzung um Verzeihung gebeten. Anfang n\u00e4chster Woche sollen unabh\u00e4ngige Experten mit der Aufarbeitung beginnen. Der RBB plant ein maximales Budget von 60.000 Euro netto ein.<\/p>\n<p><img decoding=\"async\" src=\"https:\/\/www.europesays.com\/de\/wp-content\/uploads\/2025\/10\/d-biesinger-wird-zum-1-4-2021-chefredakteur-des-rbb.jpeg\"   alt=\"\" aria-labelledby=\"caption-10115263\" width=\"440\" height=\"330\" loading=\"lazy\" class=\"tspBJlh\"\/> David Biesinger ist seit 2021 Chefredakteur des Rundfunks Berlin-Brandenburg. <\/p>\n<p class=\"tspA2ju\"> \u00a9 obs\/Gundula Krause <\/p>\n<p class=\"tspBPlp\">Die fehlerhafte Berichterstattung war <strong>vor rund zwei Wochen bekanntgeworden<\/strong>. Der ARD-Sender hatte Teile seiner Berichte \u00fcber Bel\u00e4stigungsvorw\u00fcrfe gegen den Bundestagsabgeordneten Gelbhaar zur\u00fcckgezogen.<\/p>\n<p class=\"tspBPlp\">Im Kern kamen <strong>Zweifel an der Identit\u00e4t einer der Frauen<\/strong> auf, die dem Sender die Vorw\u00fcrfe versicherten \u2013 die Identit\u00e4t soll gar nicht existieren. Es stellte sich heraus, dass der Sender die Person nie getroffen hatte. <a href=\"https:\/\/www.tagesspiegel.de\/berlin\/mogliche-intrige-um-berliner-grunen-politiker-wie-belastbar-sind-die-vorwurfe-gegen-stefan-gelbhaar-13024516.html?icid=in-text-link_13131385\" class=\"link link--internal\" data-gtm-class=\"article-text-link\" data-gtm-val=\"internal\" target=\"_blank\" rel=\"noopener\">\u00dcber die Zweifel hatte vor der Zur\u00fcckziehung der RBB-Berichte bereits der Tagesspiegel berichtet.<\/a><\/p>\n<p> Mehr zum Fall Gelbhaar <a href=\"https:\/\/www.tagesspiegel.de\/berlin\/der-politiker-wurde-zersetzt-stefan-gelbhaar-aussert-sich--und-erstattet-strafanzeige-gegen-zwei-frauen-13065259.html?icid=topic-list_13131385___\" data-gtm-class=\"article-mzt-link\" class=\"tspB1mf\" target=\"_blank\" rel=\"noopener\">\u201eDer Politiker wurde zersetzt\u201c Stefan Gelbhaar \u00e4u\u00dfert sich \u2013 und erstattet Strafanzeige gegen zwei Frauen <\/a><a href=\"https:\/\/www.tagesspiegel.de\/politik\/rbb-bericht-uber-vorwurfe-gegen-stefan-gelbhaar-wie-aus-einem-fehler-ein-fake-werden-kann-13059409.html?icid=topic-list_13131385___\" data-gtm-class=\"article-mzt-link\" class=\"tspB1mf\" target=\"_blank\" rel=\"noopener\">RBB-Bericht \u00fcber Vorw\u00fcrfe gegen Stefan Gelbhaar Wie aus einem Fehler ein Fake werden kann <\/a><\/p>\n<p class=\"tspBPlp\">Gelbhaar hatte Vorw\u00fcrfe stets bestritten. Es steht im Raum, ob es innerhalb der Gr\u00fcnen eine Intrige gegen den Politiker gegeben haben k\u00f6nnte, der nun nicht in den n\u00e4chsten Bundestag einziehen wird.<\/p>\n","protected":false},"excerpt":{"rendered":"Das pers\u00f6nliche Umfeld des Gr\u00fcnen-Bundestagsabgeordneten Stefan Gelbhaar sieht sich nach dessen Angaben schon l\u00e4nger mit Vorw\u00fcrfen gegen ihn&hellip;\n","protected":false},"author":2,"featured_media":468433,"comment_status":"","ping_status":"","sticky":false,"template":"","format":"standard","meta":{"footnotes":""},"categories":[1825],"tags":[1941,1939,296,1937,21,43,29,30,1940,1938,530,2239],"class_list":{"0":"post-468432","1":"post","2":"type-post","3":"status-publish","4":"format-standard","5":"has-post-thumbnail","7":"category-berlin","8":"tag-aktuelle-nachrichten-aus-berlin","9":"tag-aktuelle-news-aus-berlin","10":"tag-berlin","11":"tag-berlin-news","12":"tag-buendnis-90-die-gruenen","13":"tag-deutscher-bundestag","14":"tag-deutschland","15":"tag-germany","16":"tag-nachrichten-aus-berlin","17":"tag-news-aus-berlin","18":"tag-pankow","19":"tag-rbb"},"share_on_mastodon":{"url":"https:\/\/pubeurope.com\/@de\/115306833751683872","error":""},"_links":{"self":[{"href":"https:\/\/www.europesays.com\/de\/wp-json\/wp\/v2\/posts\/468432","targetHints":{"allow":["GET"]}}],"collection":[{"href":"https:\/\/www.europesays.com\/de\/wp-json\/wp\/v2\/posts"}],"about":[{"href":"https:\/\/www.europesays.com\/de\/wp-json\/wp\/v2\/types\/post"}],"author":[{"embeddable":true,"href":"https:\/\/www.europesays.com\/de\/wp-json\/wp\/v2\/users\/2"}],"replies":[{"embeddable":true,"href":"https:\/\/www.europesays.com\/de\/wp-json\/wp\/v2\/comments?post=468432"}],"version-history":[{"count":0,"href":"https:\/\/www.europesays.com\/de\/wp-json\/wp\/v2\/posts\/468432\/revisions"}],"wp:featuredmedia":[{"embeddable":true,"href":"https:\/\/www.europesays.com\/de\/wp-json\/wp\/v2\/media\/468433"}],"wp:attachment":[{"href":"https:\/\/www.europesays.com\/de\/wp-json\/wp\/v2\/media?parent=468432"}],"wp:term":[{"taxonomy":"category","embeddable":true,"href":"https:\/\/www.europesays.com\/de\/wp-json\/wp\/v2\/categories?post=468432"},{"taxonomy":"post_tag","embeddable":true,"href":"https:\/\/www.europesays.com\/de\/wp-json\/wp\/v2\/tags?post=468432"}],"curies":[{"name":"wp","href":"https:\/\/api.w.org\/{rel}","templated":true}]}}