{"id":468572,"date":"2025-10-02T23:18:21","date_gmt":"2025-10-02T23:18:21","guid":{"rendered":"https:\/\/www.europesays.com\/de\/468572\/"},"modified":"2025-10-02T23:18:21","modified_gmt":"2025-10-02T23:18:21","slug":"neue-realschule-an-der-bauseweinallee-oeffentlichkeitsbeteiligung-muenchen-de","status":"publish","type":"post","link":"https:\/\/www.europesays.com\/de\/468572\/","title":{"rendered":"Neue Realschule an der Bauseweinallee: \u00d6ffentlichkeitsbeteiligung &#8211; muenchen.de"},"content":{"rendered":"<p>Aufgrund steigender Sch\u00fclerzahlen im M\u00fcnchner Nordwesten ist der Bau neuer Schulen erforderlich. Geplant ist unter anderem der Neubau einer f\u00fcnfz\u00fcgigen Realschule mit Dreifachsporthalle und Freisportfl\u00e4chen an der Professor-Eichmann-Stra\u00dfe\/Bauseweinalle. Der Bebauungsplan mit Gr\u00fcnordnung Nr. 2161 erstreckt sich \u00fcber Fl\u00e4chen in den Stadtteilen Obermenzing und Untermenzing und soll die f\u00fcr das Projekt notwendigen planungsrechtlichen Voraussetzungen schaffen. Parallel wird der Fl\u00e4chennutzungsplan mit integrierter Landschaftsplanung ge\u00e4ndert. Von Montag, 6. Oktober, bis Donnerstag, 6. November, k\u00f6nnen die Planungsunterlagen im Rahmen der fr\u00fchzeitigen Beteiligung der \u00d6ffentlichkeit eingesehen werden.<br \/>Der neue Schulstandort soll die st\u00e4dtische Carl-Spitzweg-Realschule aufnehmen und so das Schulzentrum an der Pfarrer-Grimm-Stra\u00dfe entlasten. Die Planung sieht zudem vielf\u00e4ltig nutzbare Gr\u00fcn- und Freifl\u00e4chen vor. Unter anderem soll ein neuer Quartierspark entstehen. Der sogenannte Gr\u00fcnzug-M soll als \u00f6ffentliche Gr\u00fcnfl\u00e4che Raum f\u00fcr Freizeit und Erholung bieten und sowohl die Gr\u00fcn- als auch die Fu\u00df- und Radwegevernetzung st\u00e4rken. Die Pl\u00e4ne und Unterlagen sind im genannten Zeitraum auf der Beteiligungsplattform \u201eBauleitplanung Online M\u00fcnchen\u201c ver\u00f6ffentlicht unter <a href=\"http:\/\/bauleitplanung.muenchen.de\" target=\"_blank\" rel=\"noopener\">bauleitplanung.muenchen.de<\/a>. Nach Auswahl des betreffenden Planverfahrens k\u00f6nnen die Unterlagen im Bereich \u201ePlanungsdokumente\u201c eingesehen werden. \u00dcber den Button \u201eReden Sie mit\u201c ist es unkompliziert m\u00f6glich, eine \u00c4u\u00dferung abzugeben.<br \/>Zus\u00e4tzlich liegen die Unterlagen im Referat f\u00fcr Stadtplanung und Bauordnung, in der Bezirksinspektion West sowie in den Stadtbibliotheken Pasing und Allach-Untermenzing aus. Weitere Informationen zu den \u00c4u\u00dferungs- m\u00f6glichkeiten und \u00d6ffnungszeiten sowie zum Projekt unter muenchen.de\/ bauseweinallee.<br \/>Bei einer \u00f6ffentlichen Er\u00f6rterungsveranstaltung am Montag, 13. Oktober, haben von 18.30 bis 21 Uhr im Louise-Schroeder-Gymnasium Interessierte die M\u00f6glichkeit, sich \u00fcber die Planung zu informieren und dazu zu \u00e4u\u00dfern. Die \u00c4u\u00dferungen, die im Rahmen der fr\u00fchzeitigen Beteiligung der \u00d6ffentlichkeit eingehen, werden gepr\u00fcft und flie\u00dfen in das weitere Bauleitplanverfahren ein. Eine Entscheidung zu den \u00c4u\u00dferungen trifft der Stadtrat mit dem Billigungsbeschluss.<br \/>Unter <a href=\"https:\/\/www.muenchen.de\/auslegung\" target=\"_blank\" rel=\"noopener\">muenchen.de\/auslegung<\/a> sind alle aktuellen Beteiligungen zu Planfeststellungs- und Bauleitplanverfahren aufgelistet.<\/p>\n","protected":false},"excerpt":{"rendered":"Aufgrund steigender Sch\u00fclerzahlen im M\u00fcnchner Nordwesten ist der Bau neuer Schulen erforderlich. Geplant ist unter anderem der Neubau&hellip;\n","protected":false},"author":2,"featured_media":3684,"comment_status":"","ping_status":"","sticky":false,"template":"","format":"standard","meta":{"footnotes":""},"categories":[1827],"tags":[772,29,30,3467,3469,1268,3468],"class_list":{"0":"post-468572","1":"post","2":"type-post","3":"status-publish","4":"format-standard","5":"has-post-thumbnail","7":"category-muenchen","8":"tag-bayern","9":"tag-deutschland","10":"tag-germany","11":"tag-landeshauptstadt","12":"tag-muenchen-de","13":"tag-muenchen","14":"tag-stadtportal"},"share_on_mastodon":{"url":"https:\/\/pubeurope.com\/@de\/115307132011415890","error":""},"_links":{"self":[{"href":"https:\/\/www.europesays.com\/de\/wp-json\/wp\/v2\/posts\/468572","targetHints":{"allow":["GET"]}}],"collection":[{"href":"https:\/\/www.europesays.com\/de\/wp-json\/wp\/v2\/posts"}],"about":[{"href":"https:\/\/www.europesays.com\/de\/wp-json\/wp\/v2\/types\/post"}],"author":[{"embeddable":true,"href":"https:\/\/www.europesays.com\/de\/wp-json\/wp\/v2\/users\/2"}],"replies":[{"embeddable":true,"href":"https:\/\/www.europesays.com\/de\/wp-json\/wp\/v2\/comments?post=468572"}],"version-history":[{"count":0,"href":"https:\/\/www.europesays.com\/de\/wp-json\/wp\/v2\/posts\/468572\/revisions"}],"wp:featuredmedia":[{"embeddable":true,"href":"https:\/\/www.europesays.com\/de\/wp-json\/wp\/v2\/media\/3684"}],"wp:attachment":[{"href":"https:\/\/www.europesays.com\/de\/wp-json\/wp\/v2\/media?parent=468572"}],"wp:term":[{"taxonomy":"category","embeddable":true,"href":"https:\/\/www.europesays.com\/de\/wp-json\/wp\/v2\/categories?post=468572"},{"taxonomy":"post_tag","embeddable":true,"href":"https:\/\/www.europesays.com\/de\/wp-json\/wp\/v2\/tags?post=468572"}],"curies":[{"name":"wp","href":"https:\/\/api.w.org\/{rel}","templated":true}]}}