{"id":468739,"date":"2025-10-03T00:55:18","date_gmt":"2025-10-03T00:55:18","guid":{"rendered":"https:\/\/www.europesays.com\/de\/468739\/"},"modified":"2025-10-03T00:55:18","modified_gmt":"2025-10-03T00:55:18","slug":"fussball-israel-ausschluss-fifa-boss-infantino-bezieht-stellung","status":"publish","type":"post","link":"https:\/\/www.europesays.com\/de\/468739\/","title":{"rendered":"Fu\u00dfball: Israel-Ausschluss? Fifa-Boss Infantino bezieht Stellung"},"content":{"rendered":"<p>Nach ersten Forderungen und Diskussionen aus dem europ\u00e4ischen Fu\u00dfball, Israel auszuschlie\u00dfen und der Mannschaft damit auch die WM-Chance zu nehmen, spricht nun Fifa-Chef Infantino. Der Schweizer hat eine klare Meinung dazu.<\/p>\n<p class=\"is-first-paragraph\" data-external=\"Article.FirstParagraph\">Fifa-Pr\u00e4sident Gianni Infantino lehnt eine politische Einmischung des Fu\u00dfball-Weltverbands in Konflikte und Kriege ab, setzt aber auf die vereinende Kraft des Sports zur \u00dcberwindung solcher Krisen. \u201eDie Fifa kann geopolitische Probleme nicht l\u00f6sen, aber sie kann und muss den Fu\u00dfball weltweit f\u00f6rdern, indem sie seine vereinenden, erzieherischen, kulturellen und humanit\u00e4ren Werte nutzt\u201c, wird der Schweizer nach einer Sitzung des Fifa-Councils in Z\u00fcrich in einer Pressemitteilung zitiert.<\/p>\n<p>Infantinos Worte seien speziell auf die Situation im Gaza-Krieg bezogen, teilte die Fifa mit. Ein von Teilen der Uefa-F\u00fchrung zuletzt <a class=\"is-link c-block-items__link c-link--rich-text-renderer\" href=\"https:\/\/www.welt.de\/sport\/fussball\/article68d6b1783204c86ca0dda59a\/Israel-Erstes-Uefa-Mitglied-fordert-offen-Ausschluss-aus-dem-Fussball.html\" data-internal-tracking-enabled=\"true\" data-internal-tracking=\"{&quot;action&quot;:&quot;click&quot;,&quot;label&quot;:&quot;link&quot;,&quot;name&quot;:&quot;Inline Element&quot;,&quot;data&quot;:{&quot;source&quot;:&quot;&quot;,&quot;target&quot;:&quot;https:\/\/www.welt.de\/sport\/fussball\/article68d6b1783204c86ca0dda59a\/Israel-Erstes-Uefa-Mitglied-fordert-offen-Ausschluss-aus-dem-Fussball.html&quot;,&quot;trackingName&quot;:&quot;&quot;,&quot;trackingLabel&quot;:&quot;&quot;}}\" target=\"_blank\" rel=\"noopener\">angeblich geforderter Ausschluss Israels<\/a> wegen des Vorgehens im Gazastreifen kommt f\u00fcr Infantino somit offenbar nicht infrage.<\/p>\n<p>\u201eBei der Fifa setzen wir uns daf\u00fcr ein, die Kraft des Fu\u00dfballs zu nutzen, um Menschen in einer gespaltenen Welt zusammenzubringen. Unsere Gedanken sind bei denen, die unter den vielen Konflikten weltweit leiden. Die wichtigste Botschaft, die der Fu\u00dfball derzeit vermitteln kann, ist die des Friedens und der Einheit\u201c, sagte Infantino.<\/p>\n<p>Gespr\u00e4che mit Kontinentalchefs<\/p>\n<p>Der Schweizer hob demnach auch die Kommunikation mit den Spitzen der Kontinentalverb\u00e4nde hervor. Im europ\u00e4ischen Funktion\u00e4rszirkel war zuletzt ein <a class=\"is-link c-block-items__link c-link--rich-text-renderer\" href=\"https:\/\/www.welt.de\/sport\/fussball\/article68d549eba96bd7149d84bba0\/exekutivkomitees-berichte-uefa-koennte-ueber-suspendierung-israels-abstimmen.html\" data-internal-tracking-enabled=\"true\" data-internal-tracking=\"{&quot;action&quot;:&quot;click&quot;,&quot;label&quot;:&quot;link&quot;,&quot;name&quot;:&quot;Inline Element&quot;,&quot;data&quot;:{&quot;source&quot;:&quot;&quot;,&quot;target&quot;:&quot;https:\/\/www.welt.de\/sport\/fussball\/article68d549eba96bd7149d84bba0\/exekutivkomitees-berichte-uefa-koennte-ueber-suspendierung-israels-abstimmen.html&quot;,&quot;trackingName&quot;:&quot;&quot;,&quot;trackingLabel&quot;:&quot;&quot;}}\" target=\"_blank\" rel=\"noopener\">Bann der israelischen Fu\u00dfballer<\/a> zumindest diskutiert worden. Eine m\u00f6gliche Entscheidung dar\u00fcber wurde allerdings nach dem j\u00fcngsten von US-Pr\u00e4sident Donald Trump <a class=\"is-link c-block-items__link c-link--rich-text-renderer\" href=\"https:\/\/www.welt.de\/politik\/ausland\/video68dbc8131b9f01e517478da4\/welt-spezial-chance-auf-frieden-trumps-gaza-plan-im-check.html\" data-internal-tracking-enabled=\"true\" data-internal-tracking=\"{&quot;action&quot;:&quot;click&quot;,&quot;label&quot;:&quot;link&quot;,&quot;name&quot;:&quot;Inline Element&quot;,&quot;data&quot;:{&quot;source&quot;:&quot;&quot;,&quot;target&quot;:&quot;https:\/\/www.welt.de\/politik\/ausland\/video68dbc8131b9f01e517478da4\/welt-spezial-chance-auf-frieden-trumps-gaza-plan-im-check.html&quot;,&quot;trackingName&quot;:&quot;&quot;,&quot;trackingLabel&quot;:&quot;&quot;}}\" target=\"_blank\" rel=\"noopener\">vorgestellten Friedensplan<\/a> auf unbestimmte Zeit verschoben, wie mehrere Medien wie die englische Zeitung \u201eThe Times\u201c berichteten. <\/p>\n<p>Ein Ausschluss Israels zum jetzigen Zeitpunkt h\u00e4tte auch das Ende der Chancen auf eine Teilnahme an der Weltmeisterschaft 2026 in den USA, Mexiko und Kanada f\u00fcr Israel zur Folge. Die US-Regierung hatte sich eindeutig gegen einen Ausschluss ausgesprochen und damit f\u00fcr die Fifa und ihren Pr\u00e4sidenten den Ton vorgegeben.<\/p>\n","protected":false},"excerpt":{"rendered":"Nach ersten Forderungen und Diskussionen aus dem europ\u00e4ischen Fu\u00dfball, Israel auszuschlie\u00dfen und der Mannschaft damit auch die WM-Chance&hellip;\n","protected":false},"author":2,"featured_media":468740,"comment_status":"","ping_status":"","sticky":false,"template":"","format":"standard","meta":{"footnotes":""},"categories":[136],"tags":[15323,29,5695,30,116821,15079,411,265,64],"class_list":{"0":"post-468739","1":"post","2":"type-post","3":"status-publish","4":"format-standard","5":"has-post-thumbnail","7":"category-sport","8":"tag-balken-inbox","9":"tag-deutschland","10":"tag-fifa","11":"tag-germany","12":"tag-gianni","13":"tag-infantino","14":"tag-israel","15":"tag-sport","16":"tag-usa"},"share_on_mastodon":{"url":"https:\/\/pubeurope.com\/@de\/115307513581169703","error":""},"_links":{"self":[{"href":"https:\/\/www.europesays.com\/de\/wp-json\/wp\/v2\/posts\/468739","targetHints":{"allow":["GET"]}}],"collection":[{"href":"https:\/\/www.europesays.com\/de\/wp-json\/wp\/v2\/posts"}],"about":[{"href":"https:\/\/www.europesays.com\/de\/wp-json\/wp\/v2\/types\/post"}],"author":[{"embeddable":true,"href":"https:\/\/www.europesays.com\/de\/wp-json\/wp\/v2\/users\/2"}],"replies":[{"embeddable":true,"href":"https:\/\/www.europesays.com\/de\/wp-json\/wp\/v2\/comments?post=468739"}],"version-history":[{"count":0,"href":"https:\/\/www.europesays.com\/de\/wp-json\/wp\/v2\/posts\/468739\/revisions"}],"wp:featuredmedia":[{"embeddable":true,"href":"https:\/\/www.europesays.com\/de\/wp-json\/wp\/v2\/media\/468740"}],"wp:attachment":[{"href":"https:\/\/www.europesays.com\/de\/wp-json\/wp\/v2\/media?parent=468739"}],"wp:term":[{"taxonomy":"category","embeddable":true,"href":"https:\/\/www.europesays.com\/de\/wp-json\/wp\/v2\/categories?post=468739"},{"taxonomy":"post_tag","embeddable":true,"href":"https:\/\/www.europesays.com\/de\/wp-json\/wp\/v2\/tags?post=468739"}],"curies":[{"name":"wp","href":"https:\/\/api.w.org\/{rel}","templated":true}]}}