{"id":468909,"date":"2025-10-03T02:30:16","date_gmt":"2025-10-03T02:30:16","guid":{"rendered":"https:\/\/www.europesays.com\/de\/468909\/"},"modified":"2025-10-03T02:30:16","modified_gmt":"2025-10-03T02:30:16","slug":"daran-glauben-in-wiesbaden-gewinnen-zu-koennen","status":"publish","type":"post","link":"https:\/\/www.europesays.com\/de\/468909\/","title":{"rendered":"Daran glauben, in Wiesbaden gewinnen zu k\u00f6nnen"},"content":{"rendered":"<p>Nach dem <a href=\"https:\/\/sechzger.de\/katastrophen-start-starkes-comeback-und-chancenwucher\/\" target=\"_blank\" rel=\"noopener\">2:2 gegen Viktoria K\u00f6ln<\/a> sind die M\u00fcnchner L\u00f6wen am Sonntag um 16:30 Uhr beim <a href=\"https:\/\/svww.de\/\" target=\"_blank\" rel=\"noopener\">SV Wehen Wiesbaden<\/a> gefordert. Bei der L\u00f6wenrunde am Donnerstagnachmittag stand Interims-Coach Alper Kayabunar den Pressevertretern in einer recht kurzen Fragerunde Rede und Antwort.<\/p>\n<p>Personalupdate der L\u00f6wen<\/p>\n<p>Zu Thomas D\u00e4hne, der gegen K\u00f6ln kurzfristig ausgefallen war, konnte er noch kein Update geben. \u201cWir werden den Samstag abwarten wie es sich anf\u00fchlt und ob es geht oder nicht\u201d, sagte Kayabunar. Bei Kevin Volland \u201cist es eine offene Wunde, wir m\u00fcssen abwarten, was die \u00c4rzte sagen\u201d, erkl\u00e4rte der Coach. Ein Einsatz sei aber bei beiden grunds\u00e4tzlich nicht abgeschlossen. Sollte Volland ausfallen, was wohl eher wahrscheinlich ist, so wolle man sich noch im Trainerteam besprechen und die ideale L\u00f6sung finden, erl\u00e4uterte Kayabunar. Ansonsten gibt es Stand jetzt keine personellen Ver\u00e4nderungen am Kader. Lippmann, der zur Pause ausgewechselt wurde, ist nicht angeschlagen und musste aus taktischen Gr\u00fcnden vom Feld, \u201cum Hobsch aufs Feld zu kriegen\u201d \u2013 was sich dann ja auch auszahlte.<\/p>\n<p>Zu seinem Deb\u00fct im Gr\u00fcnwalder Stadion<\/p>\n<p>\u201cEs war ein super Gef\u00fchl. Als es kurz vor der Pause richtig laut wurde, hatte ich ein bisschen G\u00e4nsehaut. Es war eine tolle Erfahrung\u201d, sagte der Interims-Coach. Weiter als auf das n\u00e4chste Spiel wollte Kayabunar nicht nach vorne blicken, unabh\u00e4ngig vom Ergebnis in Wiesbaden. Die Stimmung beim Training am Donnerstag beschrieb er als \u201cgut\u201d und \u201clocker\u201d.<\/p>\n<p>R\u00fcckblick auf das Remis gegen K\u00f6ln<\/p>\n<p>Zum 2:2 gegen Viktoria K\u00f6ln sagte der Coach r\u00fcckblickend: \u201cNach dem Spiel hatten wir ein nicht so gutes Gef\u00fchl, weil wir das Spiel unbedingt gewinnen wollen. Aber wenn man als Trainer eine Nacht dr\u00fcber schl\u00e4ft bin ich stolz, dass die Mannschaft vieles umgesetzt hat, das wir in den Tagen davor erarbeitet haben\u201d. Nach dem schlechten Start in die Partie habe das Team den Plan \u00fcber 60 Minuten weiterverfolgt. \u201cDie Mannschaft wollte unbedingt gewinnen und hat alles daf\u00fcr gegeben\u201d, sagte Kaybunar weiter. Die Schiedsrichter-Fehlentscheidungen kommentierte er als \u201c\u00e4rgerlich, aber da k\u00f6nnen wir nichts machen\u201d. Am Ende habe \u201cdie Qualit\u00e4t der Flanken gefehlt, um noch mehr Torchancen zu kreieren\u201d, erl\u00e4uterte Kayabunar.<\/p>\n<p>Ausblick auf Wiesbaden<\/p>\n<p>Zum n\u00e4chsten Gegner erl\u00e4uterte Kayabunar: \u201cWir m\u00fcssen die positiven Dinge, wie die Intensit\u00e4t und die Abl\u00e4ufe im Spiel mitnehmen. Und es geht darum, daran zu glauben, das Spiel gewinnen zu k\u00f6nnen in Wiesbaden\u201d. Am Sonntag wollen die L\u00f6wen nach dem kleinen Erfolgserlebnis gegen K\u00f6ln, aber auch vier sieglosen Partien, endlich wieder drei Punkte einfahren. Alles Weitere zum Spiel lest ihr in den n\u00e4chsten Tagen nat\u00fcrlich bei uns.<\/p>\n<p><img loading=\"lazy\" decoding=\"async\" class=\"no-lazy-load\" src=\"data:image\/svg+xml,%3Csvg%20xmlns=\" http:=\"\" alt=\"\" style=\"display:none\" width=\"1\" height=\"1\" data-lazy-src=\"https:\/\/www.europesays.com\/de\/wp-content\/uploads\/2025\/10\/4e24b266f57c4f4f86ab11a601d7a73e.gif\"\/><\/p>\n<p>&#13;<br \/>\n                    0&#13;<br \/>\n                    0&#13;<br \/>\n                    votes<\/p>\n<p>Artikelbewertung<\/p>\n","protected":false},"excerpt":{"rendered":"Nach dem 2:2 gegen Viktoria K\u00f6ln sind die M\u00fcnchner L\u00f6wen am Sonntag um 16:30 Uhr beim SV Wehen&hellip;\n","protected":false},"author":2,"featured_media":468910,"comment_status":"","ping_status":"","sticky":false,"template":"","format":"standard","meta":{"footnotes":""},"categories":[1847],"tags":[119162,3364,29,548,663,3934,30,13,2052,119662,14,15,12,22506,21430,118844,4544],"class_list":{"0":"post-468909","1":"post","2":"type-post","3":"status-publish","4":"format-standard","5":"has-post-thumbnail","7":"category-wiesbaden","8":"tag-alper-kayabunar","9":"tag-de","10":"tag-deutschland","11":"tag-eu","12":"tag-europa","13":"tag-europe","14":"tag-germany","15":"tag-headlines","16":"tag-hessen","17":"tag-lu00f6wenrunde","18":"tag-nachrichten","19":"tag-news","20":"tag-schlagzeilen","21":"tag-sv-wehen-wiesbaden","22":"tag-tsv-1860-mu00fcnchen","23":"tag-viktoria-ku00f6ln","24":"tag-wiesbaden"},"share_on_mastodon":{"url":"https:\/\/pubeurope.com\/@de\/115307886990149644","error":""},"_links":{"self":[{"href":"https:\/\/www.europesays.com\/de\/wp-json\/wp\/v2\/posts\/468909","targetHints":{"allow":["GET"]}}],"collection":[{"href":"https:\/\/www.europesays.com\/de\/wp-json\/wp\/v2\/posts"}],"about":[{"href":"https:\/\/www.europesays.com\/de\/wp-json\/wp\/v2\/types\/post"}],"author":[{"embeddable":true,"href":"https:\/\/www.europesays.com\/de\/wp-json\/wp\/v2\/users\/2"}],"replies":[{"embeddable":true,"href":"https:\/\/www.europesays.com\/de\/wp-json\/wp\/v2\/comments?post=468909"}],"version-history":[{"count":0,"href":"https:\/\/www.europesays.com\/de\/wp-json\/wp\/v2\/posts\/468909\/revisions"}],"wp:featuredmedia":[{"embeddable":true,"href":"https:\/\/www.europesays.com\/de\/wp-json\/wp\/v2\/media\/468910"}],"wp:attachment":[{"href":"https:\/\/www.europesays.com\/de\/wp-json\/wp\/v2\/media?parent=468909"}],"wp:term":[{"taxonomy":"category","embeddable":true,"href":"https:\/\/www.europesays.com\/de\/wp-json\/wp\/v2\/categories?post=468909"},{"taxonomy":"post_tag","embeddable":true,"href":"https:\/\/www.europesays.com\/de\/wp-json\/wp\/v2\/tags?post=468909"}],"curies":[{"name":"wp","href":"https:\/\/api.w.org\/{rel}","templated":true}]}}