{"id":468921,"date":"2025-10-03T02:36:11","date_gmt":"2025-10-03T02:36:11","guid":{"rendered":"https:\/\/www.europesays.com\/de\/468921\/"},"modified":"2025-10-03T02:36:11","modified_gmt":"2025-10-03T02:36:11","slug":"strafmass-gegen-rapper-sean-combs-wird-verkuendet","status":"publish","type":"post","link":"https:\/\/www.europesays.com\/de\/468921\/","title":{"rendered":"Strafma\u00df gegen Rapper Sean Combs wird verk\u00fcndet"},"content":{"rendered":"<p>New York (dpa) &#8211; Im Verfahren gegen den US-Rapper Sean \u00abDiddy\u00bb Combs (55) soll heute in New York das Strafma\u00df verk\u00fcndet werden. W\u00e4hrend die Staatsanwaltschaft eine Haftstrafe von elf Jahren und drei Monaten anvisiert, fordert die Verteidigung des Rappers eine H\u00f6chststrafe von 14 Monaten. Diese h\u00e4tte Combs, der seit rund einem Jahr in einem Gef\u00e4ngnis im New Yorker Stadtteil Brooklyn einsitzt, bereits gr\u00f6\u00dftenteils verb\u00fc\u00dft. Die zul\u00e4ssige H\u00f6chststrafe w\u00e4ren 20 Jahre.\u00a0<\/p>\n<p>Zuvor hatte die Verteidigung versucht, das Urteil zu kippen oder einen neuen Prozess anzusetzen \u2013 beides lehnte Richter Arun Subramanian ab. Auch einen Antrag, Combs bis zur Strafverk\u00fcndung gegen Kaution in H\u00f6he von 50 Millionen Dollar freizulassen, hatte der Richter zur\u00fcckgewiesen. Der Musiker, der im Laufe seiner Karriere unter anderem die Pseudonyme \u00abPuff Daddy\u00bb, \u00abP. Diddy\u00bb und \u00abDiddy\u00bb verwendete, blieb somit weiter in Haft.\u00a0<\/p>\n<p>Immer wieder hatte es auch Spekulationen \u00fcber eine m\u00f6gliche Begnadigung durch US-Pr\u00e4sident Donald Trump gegeben. Das Anwaltsteam von Combs hatte Kontakte mit dem Wei\u00dfen Haus best\u00e4tigt; Trump selbst hatte sich dazu allerdings immer wieder nur sehr vage ge\u00e4u\u00dfert.<\/p>\n<p>Schwere Vorw\u00fcrfe \u2013 aber nur teilweise schuldig gesprochen<\/p>\n<p>Combs war vor etwa einem Jahr wegen Vorw\u00fcrfen von Sexualstraftaten in New York festgenommen worden. Die Staatsanwaltschaft warf ihm vor, \u00fcber Jahre hinweg Frauen missbraucht, bedroht und gen\u00f6tigt zu haben, seine sexuellen W\u00fcnsche zu erf\u00fcllen.<\/p>\n<p>In einem aufsehenerregenden Prozess sprachen Geschworene den 55-J\u00e4hrigen Anfang Juli teilweise schuldig. Sie befanden ihn aber nur im Zusammenhang mit Prostitution schuldig \u2013 dem am wenigsten schwerwiegenden Anklagepunkt. Zu den Anklagepunkten der Verschw\u00f6rung zur organisierten Kriminalit\u00e4t sowie des Menschenhandels entschieden die Geschworenen auf unschuldig. W\u00e4re der Rapper in allen Punkten f\u00fcr schuldig befunden worden, h\u00e4tte ihm eine lebenslange Freiheitsstrafe gedroht.<\/p>\n<p>Der 1969 im New Yorker Stadtteil Harlem geborene Combs, der mit Hits wie \u00abI&#8217;ll Be Missing You\u00bb und \u00abBad Boy For Life\u00bb in den vergangenen Jahrzehnten zu den erfolgreichsten Rappern der Welt geh\u00f6rte, hatte stets alle Vorw\u00fcrfe zur\u00fcckgewiesen und auf nicht schuldig pl\u00e4diert. Der Musiker, der dreimal verheiratet war und sieben Kinder hat, nahm die Urteilsverk\u00fcndung im Beisein zahlreicher Familienmitglieder emotional entgegen.\u00a0<\/p>\n<p>Intime Sex-Details \u00f6ffentlich ausgebreitet<\/p>\n<p>Wegen zahlreicher schl\u00fcpfriger Aspekte war der Prozess auch ein Clickbait- und Boulevard-Fest. Millionen Menschen weltweit verfolgten das Verfahren in den Medien; die intimen und auch verst\u00f6renden Details zu dem Fall wurden Teil des t\u00e4glichen Klatsches und Tratsches vieler Leute.\u00a0<\/p>\n<p>Zudem weckte es Erinnerungen an \u00e4hnliche Prozesse wegen Sexualstraftaten gegen Ex-Superstars in den vergangenen Jahren \u2013 unter anderem gegen den Musiker R. Kelly, den Comedian Bill Cosby oder den Produzenten Harvey Weinstein. Die Vorw\u00fcrfe gegen Weinstein hatten die weltweite MeToo-Bewegung angesto\u00dfen, die allerdings inzwischen schon wieder viel Gegenwind bekommen hat.<\/p>\n<p>Zahlreiche weitere Anschuldigungen gegen Combs<\/p>\n<p>Neben der Anklage der New Yorker Staatsanwaltschaft gibt es auch noch zahlreiche Zivilklagen gegen Combs. Unter anderem vertritt eine Anwaltskanzlei im Houston (Texas) eigenen Angaben zufolge rund 120 Menschen mit Vorw\u00fcrfen gegen den Rapper.<\/p>\n","protected":false},"excerpt":{"rendered":"New York (dpa) &#8211; Im Verfahren gegen den US-Rapper Sean \u00abDiddy\u00bb Combs (55) soll heute in New York&hellip;\n","protected":false},"author":2,"featured_media":468922,"comment_status":"","ping_status":"","sticky":false,"template":"","format":"standard","meta":{"footnotes":""},"categories":[1843],"tags":[3364,29,30,177,2549,8970,810,1209,2283,11747,64],"class_list":{"0":"post-468921","1":"post","2":"type-post","3":"status-publish","4":"format-standard","5":"has-post-thumbnail","7":"category-muenster","8":"tag-de","9":"tag-deutschland","10":"tag-germany","11":"tag-kriminalitt","12":"tag-leute","13":"tag-muenster","14":"tag-musik","15":"tag-nordrhein-westfalen","16":"tag-prozess-gericht","17":"tag-urteile","18":"tag-usa"},"share_on_mastodon":{"url":"https:\/\/pubeurope.com\/@de\/115307910586702373","error":""},"_links":{"self":[{"href":"https:\/\/www.europesays.com\/de\/wp-json\/wp\/v2\/posts\/468921","targetHints":{"allow":["GET"]}}],"collection":[{"href":"https:\/\/www.europesays.com\/de\/wp-json\/wp\/v2\/posts"}],"about":[{"href":"https:\/\/www.europesays.com\/de\/wp-json\/wp\/v2\/types\/post"}],"author":[{"embeddable":true,"href":"https:\/\/www.europesays.com\/de\/wp-json\/wp\/v2\/users\/2"}],"replies":[{"embeddable":true,"href":"https:\/\/www.europesays.com\/de\/wp-json\/wp\/v2\/comments?post=468921"}],"version-history":[{"count":0,"href":"https:\/\/www.europesays.com\/de\/wp-json\/wp\/v2\/posts\/468921\/revisions"}],"wp:featuredmedia":[{"embeddable":true,"href":"https:\/\/www.europesays.com\/de\/wp-json\/wp\/v2\/media\/468922"}],"wp:attachment":[{"href":"https:\/\/www.europesays.com\/de\/wp-json\/wp\/v2\/media?parent=468921"}],"wp:term":[{"taxonomy":"category","embeddable":true,"href":"https:\/\/www.europesays.com\/de\/wp-json\/wp\/v2\/categories?post=468921"},{"taxonomy":"post_tag","embeddable":true,"href":"https:\/\/www.europesays.com\/de\/wp-json\/wp\/v2\/tags?post=468921"}],"curies":[{"name":"wp","href":"https:\/\/api.w.org\/{rel}","templated":true}]}}