{"id":469001,"date":"2025-10-03T03:20:18","date_gmt":"2025-10-03T03:20:18","guid":{"rendered":"https:\/\/www.europesays.com\/de\/469001\/"},"modified":"2025-10-03T03:20:18","modified_gmt":"2025-10-03T03:20:18","slug":"oktoberfest-wiesn-besuch-am-langen-wochenende-gut-planen-bayern","status":"publish","type":"post","link":"https:\/\/www.europesays.com\/de\/469001\/","title":{"rendered":"Oktoberfest &#8211; Wiesn-Besuch am langen Wochenende gut planen &#8211; Bayern"},"content":{"rendered":"<p data-manual=\"paragraph\" data-schema-org-speakable=\"true\" class=\"css-1eosz7k\"><a href=\"https:\/\/www.sueddeutsche.de\/thema\/M%C3%BCnchen\" target=\"_blank\" rel=\"noopener\">M\u00fcnchen<\/a> (dpa\/lby) &#8211; Lust auf den Endspurt des Oktoberfestes am langen Wochenende? In diesem Falle sollte man gut planen. Insbesondere am Freitag und Samstag k\u00f6nne es zum Reservierungswechsel eng werden in der Wirtsbudenstra\u00dfe, teilte die Wiesn-Pressestelle auf Anfrage mit.\u00a0<\/p>\n<p><img decoding=\"async\" src=\"https:\/\/www.europesays.com\/de\/wp-content\/uploads\/2025\/10\/9e069c40-e36a-426d-afd8-b1639b172574.jpg\"   alt=\"Das Festzelte irgendwann voll sind und geschlossen werden, ist nicht ungew\u00f6hnlich. (Archiv)\" loading=\"lazy\" class=\"css-8atqhb\"\/>Das Festzelte irgendwann voll sind und geschlossen werden, ist nicht ungew\u00f6hnlich. (Archiv) (Foto: Felix H\u00f6rhager\/dpa)<\/p>\n<p data-manual=\"paragraph\" data-schema-org-speakable=\"true\" class=\"css-1eosz7k\">Zwischen 16.00 und 18.00 Uhr seien die Haupteing\u00e4nge der gro\u00dfen Festzelte in der Regel geschlossen. Besucher ohne Reservierungen h\u00e4tten dann kaum eine Chance, ins Zelt zu gelangen. \u201eAnstellen lohnt sich nicht!\u201c Tipps zum erwarteten Ansturm der G\u00e4ste gibt das Besucher-Barometer auf der offiziellen Homepage des Oktoberfestes inklusive Live-Kamera.\u00a0<\/p>\n<p>Auf Seitenstra\u00dfen ausweichen\u00a0<\/p>\n<p data-manual=\"paragraph\" data-schema-org-speakable=\"true\" class=\"css-1eosz7k\">Wer in besucherstarken Zeiten dennoch unterwegs ist auf der Festwiese, sollte die Stra\u00dfe zwischen den gro\u00dfen Zelten meiden und etwa auf die Matthias-Pschorr-Stra\u00dfe oder Seitenstra\u00dfen ausweichen.\u00a0<\/p>\n<p><img decoding=\"async\" src=\"https:\/\/www.europesays.com\/de\/wp-content\/uploads\/2025\/10\/587a53d1-b2d4-4452-9331-940c5e7652c2.jpg\"   alt=\"Am vergangenen Samstag wurden die Zug\u00e4nge zum Oktoberfest wegen \u00dcberf\u00fcllung geschlossen. (Archiv)\" loading=\"lazy\" class=\"css-8atqhb\"\/>Am vergangenen Samstag wurden die Zug\u00e4nge zum Oktoberfest wegen \u00dcberf\u00fcllung geschlossen. (Archiv) (Foto: Peter Kneffel\/dpa)<\/p>\n<p data-manual=\"paragraph\" data-schema-org-speakable=\"true\" class=\"css-1eosz7k\">Eine \u00dcberf\u00fcllung wie am Samstag vor einer Woche wollen die Stadt M\u00fcnchen und die Polizei unbedingt vermeiden. Daf\u00fcr soll die Menschenmenge gezielt beobachtet und analysiert werden, Crowd Spotting nennt sich das. Zudem sollten die G\u00e4ste auf Lautsprecherdurchsagen achten, die es auch in mehreren Sprachen geben soll. Auch die Polizei will st\u00e4rker vor Ort sein.<\/p>\n<p data-manual=\"paragraph\" data-schema-org-speakable=\"true\" class=\"css-1eosz7k\">\u00a9 dpa-infocom, dpa:251003-930-117492\/1<\/p>\n","protected":false},"excerpt":{"rendered":"M\u00fcnchen (dpa\/lby) &#8211; Lust auf den Endspurt des Oktoberfestes am langen Wochenende? In diesem Falle sollte man gut&hellip;\n","protected":false},"author":2,"featured_media":469002,"comment_status":"","ping_status":"","sticky":false,"template":"","format":"standard","meta":{"footnotes":""},"categories":[1827],"tags":[17274,772,29,22935,20785,30,41839,2636,1268,6927,149,2959],"class_list":{"0":"post-469001","1":"post","2":"type-post","3":"status-publish","4":"format-standard","5":"has-post-thumbnail","7":"category-muenchen","8":"tag-brauchtum","9":"tag-bayern","10":"tag-deutschland","11":"tag-fest-kultur","12":"tag-feste","13":"tag-germany","14":"tag-helpme","15":"tag-ludwigsvorstadt","16":"tag-muenchen","17":"tag-oktoberfest","18":"tag-sueddeutsche-zeitung","19":"tag-theresienwiese"},"share_on_mastodon":{"url":"https:\/\/pubeurope.com\/@de\/115308083746726631","error":""},"_links":{"self":[{"href":"https:\/\/www.europesays.com\/de\/wp-json\/wp\/v2\/posts\/469001","targetHints":{"allow":["GET"]}}],"collection":[{"href":"https:\/\/www.europesays.com\/de\/wp-json\/wp\/v2\/posts"}],"about":[{"href":"https:\/\/www.europesays.com\/de\/wp-json\/wp\/v2\/types\/post"}],"author":[{"embeddable":true,"href":"https:\/\/www.europesays.com\/de\/wp-json\/wp\/v2\/users\/2"}],"replies":[{"embeddable":true,"href":"https:\/\/www.europesays.com\/de\/wp-json\/wp\/v2\/comments?post=469001"}],"version-history":[{"count":0,"href":"https:\/\/www.europesays.com\/de\/wp-json\/wp\/v2\/posts\/469001\/revisions"}],"wp:featuredmedia":[{"embeddable":true,"href":"https:\/\/www.europesays.com\/de\/wp-json\/wp\/v2\/media\/469002"}],"wp:attachment":[{"href":"https:\/\/www.europesays.com\/de\/wp-json\/wp\/v2\/media?parent=469001"}],"wp:term":[{"taxonomy":"category","embeddable":true,"href":"https:\/\/www.europesays.com\/de\/wp-json\/wp\/v2\/categories?post=469001"},{"taxonomy":"post_tag","embeddable":true,"href":"https:\/\/www.europesays.com\/de\/wp-json\/wp\/v2\/tags?post=469001"}],"curies":[{"name":"wp","href":"https:\/\/api.w.org\/{rel}","templated":true}]}}