{"id":469043,"date":"2025-10-03T03:43:15","date_gmt":"2025-10-03T03:43:15","guid":{"rendered":"https:\/\/www.europesays.com\/de\/469043\/"},"modified":"2025-10-03T03:43:15","modified_gmt":"2025-10-03T03:43:15","slug":"afd-zieht-mit-union-gleich-und-erreicht-parteiinternen-rekordwert-in-dieser-umfrage","status":"publish","type":"post","link":"https:\/\/www.europesays.com\/de\/469043\/","title":{"rendered":"AfD zieht mit Union gleich \u2013 und erreicht parteiinternen Rekordwert in dieser Umfrage"},"content":{"rendered":"<p class=\"tspBPlp tspBPlq\">Die AfD zieht im ARD-\u201eDeutschlandtrend\u201c mit der Union gleich \u2013 beide liegen nun bei 26 Prozent. Die AfD gewinnt in der am Donnerstag ver\u00f6ffentlichten Umfrage einen Prozentpunkt im Vergleich zur Erhebung im Vormonat hinzu. <strong>Sie kommt damit den Angaben zufolge auf ihren besten Wert im \u201eDeutschlandtrend\u201c. <\/strong>CDU\/CSU verlieren hingegen einen Punkt.<\/p>\n<p>Abendlage Newsletter<\/p>\n<p><img decoding=\"async\" src=\"https:\/\/www.europesays.com\/de\/wp-content\/uploads\/2025\/04\/morgenlage-abendlage-icon-klein.png\" alt=\"\" class=\"tspCOg1\"\/><\/p>\n<p class=\"tspCOon\"> Die wichtigsten Nachrichten des Tages \u2014 abends direkt in Ihr E-Mail-Postfach. <\/p>\n<p class=\"tspBPlp\">Die SPD bleibt unver\u00e4ndert bei 14 Prozent. <strong>Die Gr\u00fcnen verbessern sich leicht um einen Punkt auf zw\u00f6lf Prozent<\/strong>, die Linke folgt mit weiterhin zehn Prozent dahinter. BSW und FDP liegen in der Umfrage bei unter drei Prozent und w\u00fcrden damit den Einzug in den Bundestag verpassen.<\/p>\n<p class=\"tspBPlp\"><strong>Gefragt wurde auch nach der Zufriedenheit mit der schwarz-roten Bundesregierung \u2013 diese ist weiterhin gering:<\/strong> Drei von vier Wahlberechtigten oder 77 Prozent sind mit der Arbeit der Koalition weniger beziehungsweise gar nicht zufrieden. Nur 20 Prozent sind zufrieden oder sehr zufrieden. Das sind den Angaben zufolge die bislang schw\u00e4chsten Werte f\u00fcr die Regierung seit Amtsantritt im Mai.<\/p>\n<p class=\"tspBPlp\">Ein weiteres Thema war kurz vor dem 35. Jahrestag der Deutschen Einheit am Freitag der Stand der deutschen Wiedervereinigung. 61 Prozent sind mit diesem sehr zufrieden oder zufrieden, 34 Prozent sind weniger bis gar nicht zufrieden.<\/p>\n<p> Mehr auf Tagesspiegel.de <a href=\"https:\/\/www.tagesspiegel.de\/politik\/meinungsumfrage-union-im-politbarometer-wieder-vor-afd-14451335.html?icid=topic-list_14458208___\" data-gtm-class=\"article-mzt-link\" class=\"tspB1mf\" rel=\"nofollow noopener\" target=\"_blank\">Meinungsumfrage Union im \u201ePolitbarometer\u201c wieder vor AfD <\/a><a href=\"https:\/\/www.tagesspiegel.de\/politik\/eine-ruck-rede-von-friedrich-merz-am-ende-entscheidet-das-wie-14457821.html?icid=topic-list_14458208___\" data-gtm-class=\"article-mzt-link\" class=\"tspB1mf\" rel=\"nofollow noopener\" target=\"_blank\">Eine \u201eRuck-Rede\u201c von Friedrich Merz? Am Ende entscheidet das Wie <\/a><a href=\"https:\/\/www.tagesspiegel.de\/politik\/modernisierungsagenda-beschlossen-merz-kundigt-tempo-bei-gesetzen-der-bundesregierung-an-14437175.html?icid=topic-list_14458208___\" data-gtm-class=\"article-mzt-link\" class=\"tspB1mf\" rel=\"nofollow noopener\" target=\"_blank\">\u201eModernisierungsagenda\u201c beschlossen Merz k\u00fcndigt Tempo bei Gesetzen der Bundesregierung an <\/a><\/p>\n<p class=\"tspBPlp\"><strong>In den westdeutschen Bundesl\u00e4ndern sind 64 Prozent mit dem Stand der deutschen Wiedervereinigung sehr zufrieden beziehungsweise zufrieden<\/strong>; 31 Prozent sind weniger bis gar nicht zufrieden. In den ostdeutschen Bundesl\u00e4ndern f\u00e4llt die Zustimmung geringer aus: Hier sind nur 50 Prozent zufrieden bis sehr zufrieden, fast ebenso viele \u2013 46 Prozent \u2013 sind weniger bis gar nicht zufrieden.<\/p>\n<p class=\"tspBPlp\">F\u00fcr den \u201eDeutschlandtrend\u201c befragte das Institut Infratest dimap 1306 Wahlberechtigten von Montag bis Mittwoch repr\u00e4sentativ. (AFP)<\/p>\n","protected":false},"excerpt":{"rendered":"Die AfD zieht im ARD-\u201eDeutschlandtrend\u201c mit der Union gleich \u2013 beide liegen nun bei 26 Prozent. Die AfD&hellip;\n","protected":false},"author":2,"featured_media":469044,"comment_status":"","ping_status":"","sticky":false,"template":"","format":"standard","meta":{"footnotes":""},"categories":[5],"tags":[186,223,31,774,187,13,14,15,12,184,10,8,9,11],"class_list":{"0":"post-469043","1":"post","2":"type-post","3":"status-publish","4":"format-standard","5":"has-post-thumbnail","7":"category-nachrichten","8":"tag-afd","9":"tag-ard","10":"tag-cdu","11":"tag-csu","12":"tag-fdp","13":"tag-headlines","14":"tag-nachrichten","15":"tag-news","16":"tag-schlagzeilen","17":"tag-spd","18":"tag-top-news","19":"tag-top-meldungen","20":"tag-topmeldungen","21":"tag-topnews"},"share_on_mastodon":{"url":"https:\/\/pubeurope.com\/@de\/115308174533839643","error":""},"_links":{"self":[{"href":"https:\/\/www.europesays.com\/de\/wp-json\/wp\/v2\/posts\/469043","targetHints":{"allow":["GET"]}}],"collection":[{"href":"https:\/\/www.europesays.com\/de\/wp-json\/wp\/v2\/posts"}],"about":[{"href":"https:\/\/www.europesays.com\/de\/wp-json\/wp\/v2\/types\/post"}],"author":[{"embeddable":true,"href":"https:\/\/www.europesays.com\/de\/wp-json\/wp\/v2\/users\/2"}],"replies":[{"embeddable":true,"href":"https:\/\/www.europesays.com\/de\/wp-json\/wp\/v2\/comments?post=469043"}],"version-history":[{"count":0,"href":"https:\/\/www.europesays.com\/de\/wp-json\/wp\/v2\/posts\/469043\/revisions"}],"wp:featuredmedia":[{"embeddable":true,"href":"https:\/\/www.europesays.com\/de\/wp-json\/wp\/v2\/media\/469044"}],"wp:attachment":[{"href":"https:\/\/www.europesays.com\/de\/wp-json\/wp\/v2\/media?parent=469043"}],"wp:term":[{"taxonomy":"category","embeddable":true,"href":"https:\/\/www.europesays.com\/de\/wp-json\/wp\/v2\/categories?post=469043"},{"taxonomy":"post_tag","embeddable":true,"href":"https:\/\/www.europesays.com\/de\/wp-json\/wp\/v2\/tags?post=469043"}],"curies":[{"name":"wp","href":"https:\/\/api.w.org\/{rel}","templated":true}]}}