{"id":469118,"date":"2025-10-03T04:28:12","date_gmt":"2025-10-03T04:28:12","guid":{"rendered":"https:\/\/www.europesays.com\/de\/469118\/"},"modified":"2025-10-03T04:28:12","modified_gmt":"2025-10-03T04:28:12","slug":"niedersachsen-bremen-lies-3-oktober-steht-fuer-freude-ueber-wiedervereinigung","status":"publish","type":"post","link":"https:\/\/www.europesays.com\/de\/469118\/","title":{"rendered":"Niedersachsen &#038; Bremen: Lies: 3. Oktober steht f\u00fcr Freude \u00fcber Wiedervereinigung"},"content":{"rendered":"<p>                    Niedersachsen &amp; Bremen<br \/>\n                Lies: 3. Oktober steht f\u00fcr Freude \u00fcber Wiedervereinigung<\/p>\n<p>\t\t\t\t              03.10.2025, 06:05 Uhr<\/p>\n<p><strong>Ministerpr\u00e4sident Lies nimmt in Saarbr\u00fccken an der zentralen Feier zum Tag der Deutschen Einheit teil. Die Wiedervereinigung sei ein Gl\u00fccksfall der Geschichte gewesen, sagt der Regierungschef.<\/strong><\/p>\n<p>Hannover (dpa\/lni) &#8211; Niedersachsens Ministerpr\u00e4sident Olaf Lies hat die vor 35 Jahren vollzogene deutsche Einheit als Gl\u00fccksfall der Geschichte bezeichnet. &#8222;Der 3. Oktober steht f\u00fcr die gro\u00dfe Freude \u00fcber die Wiedervereinigung&#8220;, sagte Lies mit Blick auf die zentrale Feier des Tags der Deutschen Einheit in Saarbr\u00fccken, an der er teilnimmt.<\/p>\n<p>Der Tag erinnere aber auch an die Aufgabe, dass es in Ost- und Westdeutschland gleiche Chancen, M\u00f6glichkeiten und Lebensperspektiven geben m\u00fcsse, sagte der SPD-Politiker. Auch wenn niemand bestreite, dass noch viel Arbeit vor den Deutschen liege, d\u00fcrfe man nicht vergessen, dass die Deutsche Einheit f\u00fcr das Gemeinsame und nicht f\u00fcr das Trennende stehe.\u00a0<\/p>\n<p>&#8222;In Zeiten, in denen man h\u00e4ufig den Eindruck gewinnen kann, dass Trennung und Spaltung viel st\u00e4rker wahrgenommen werden als das Gemeinsame, ist der Tag der Deutschen Einheit auch ein wichtiges Signal daf\u00fcr, wieder mehr das Verbindende zu st\u00e4rken, um zusammen an einer guten Zukunft f\u00fcr uns alle zu arbeiten&#8220;, sagte Lies.<\/p>\n","protected":false},"excerpt":{"rendered":"Niedersachsen &amp; Bremen Lies: 3. Oktober steht f\u00fcr Freude \u00fcber Wiedervereinigung 03.10.2025, 06:05 Uhr Ministerpr\u00e4sident Lies nimmt in&hellip;\n","protected":false},"author":2,"featured_media":469119,"comment_status":"","ping_status":"","sticky":false,"template":"","format":"standard","meta":{"footnotes":""},"categories":[1824],"tags":[2420,3364,29,23657,30,2422,1411,31296,66524],"class_list":{"0":"post-469118","1":"post","2":"type-post","3":"status-publish","4":"format-standard","5":"has-post-thumbnail","7":"category-bremen","8":"tag-bremen","9":"tag-de","10":"tag-deutschland","11":"tag-freude","12":"tag-germany","13":"tag-lies","14":"tag-niedersachsen","15":"tag-oktober","16":"tag-wiedervereinigung"},"share_on_mastodon":{"url":"https:\/\/pubeurope.com\/@de\/115308351121989600","error":""},"_links":{"self":[{"href":"https:\/\/www.europesays.com\/de\/wp-json\/wp\/v2\/posts\/469118","targetHints":{"allow":["GET"]}}],"collection":[{"href":"https:\/\/www.europesays.com\/de\/wp-json\/wp\/v2\/posts"}],"about":[{"href":"https:\/\/www.europesays.com\/de\/wp-json\/wp\/v2\/types\/post"}],"author":[{"embeddable":true,"href":"https:\/\/www.europesays.com\/de\/wp-json\/wp\/v2\/users\/2"}],"replies":[{"embeddable":true,"href":"https:\/\/www.europesays.com\/de\/wp-json\/wp\/v2\/comments?post=469118"}],"version-history":[{"count":0,"href":"https:\/\/www.europesays.com\/de\/wp-json\/wp\/v2\/posts\/469118\/revisions"}],"wp:featuredmedia":[{"embeddable":true,"href":"https:\/\/www.europesays.com\/de\/wp-json\/wp\/v2\/media\/469119"}],"wp:attachment":[{"href":"https:\/\/www.europesays.com\/de\/wp-json\/wp\/v2\/media?parent=469118"}],"wp:term":[{"taxonomy":"category","embeddable":true,"href":"https:\/\/www.europesays.com\/de\/wp-json\/wp\/v2\/categories?post=469118"},{"taxonomy":"post_tag","embeddable":true,"href":"https:\/\/www.europesays.com\/de\/wp-json\/wp\/v2\/tags?post=469118"}],"curies":[{"name":"wp","href":"https:\/\/api.w.org\/{rel}","templated":true}]}}