{"id":469178,"date":"2025-10-03T05:02:20","date_gmt":"2025-10-03T05:02:20","guid":{"rendered":"https:\/\/www.europesays.com\/de\/469178\/"},"modified":"2025-10-03T05:02:20","modified_gmt":"2025-10-03T05:02:20","slug":"ifixit-airpods-pro-3-sind-unreparierbar","status":"publish","type":"post","link":"https:\/\/www.europesays.com\/de\/469178\/","title":{"rendered":"iFixIt: AirPods Pro 3 sind &#8222;unreparierbar&#8220;"},"content":{"rendered":"<p>    close notice<\/p>\n<p class=\"notice-banner__text a-u-mb-0\">\n      This article is also available in<br \/>\n        <a href=\"https:\/\/www.heise.de\/en\/news\/iFixIt-AirPods-Pro-3-are-unrepairable-10705735.html\" class=\"notice-banner__link a-u-inline-link\" target=\"_blank\" rel=\"noopener\">English<\/a>.<\/p>\n<p>      It was translated with technical assistance and editorially reviewed before publication.\n    <\/p>\n<p class=\"notice-banner__link a-u-mb-0\">\n    Don\u2019t show this again.\n<\/p>\n<p>Noch nie waren <a href=\"https:\/\/www.heise.de\/thema\/AirPods\" rel=\"external noopener\" target=\"_blank\">AirPods<\/a> einfach zu reparieren \u2013 so fehlt es etwa seit Jahr und Tag an einer M\u00f6glichkeit, <a href=\"https:\/\/www.heise.de\/news\/iFixit-AirPods-3-bleiben-irreparabel-6274123.html\" target=\"_blank\" rel=\"noopener\">ihr Geh\u00e4use zerst\u00f6rungsfrei<\/a> zu \u00f6ffnen. Wer die Hoffnung hatte, dass sich dies bei den frisch erschienen <a class=\"heiseplus-lnk\" href=\"https:\/\/www.heise.de\/tests\/AirPods-Pro-3-im-Test-Mit-frischem-Klang-und-ANC-10663123.html\" target=\"_blank\" rel=\"noopener\">AirPods Pro 3<\/a> \u00e4ndern k\u00f6nnte, wird leider entt\u00e4uscht: Nach wie vor sind sie &#8222;unm\u00f6glich zu reparieren&#8220;, fanden die Reparaturspezialisten von iFixIt nun in ihrem <a href=\"https:\/\/www.youtube.com\/watch?v=MOsjsjvzp2E\" rel=\"external noopener\" target=\"_blank\">offiziellen Teardown<\/a> heraus. Damit erhalten die neuen ANC-St\u00f6psel wie \u00fcblich einen &#8222;Reparability Score&#8220; von genau 0 von 10 m\u00f6glichen Punkten.<\/p>\n<p>\u00c4nderungen bei der Batterie<\/p>\n<p>Um einen Blick ins Innere der AirPods Pro 3 werfen zu k\u00f6nnen, bedarf es einer W\u00e4rmebehandlung, um den Kleber aufzul\u00f6sen \u2013 und eines scharfen Messers. Schon dabei kommt es zu Sch\u00e4den am Kunststoff. Die Batterie \u2013 jenes Element, das man wohl am h\u00e4ufigsten tauschen m\u00f6chte \u2013 ist wie \u00fcblich versiegelt und l\u00e4sst sich nicht ohne Gewalt entnehmen. Pro AirPod ist jeweils eine 0,221 Wh-Batterie verbaut, in der Ladeh\u00fclle ist es eine einzelne 1,334 Wh-Zelle.<\/p>\n<p>In den <a class=\"heiseplus-lnk\" href=\"https:\/\/www.heise.de\/tests\/AirPods-Pro-2-im-Test-Besseres-ANC-optmierter-Klang-7274384.html\" target=\"_blank\" rel=\"noopener\">AirPods Pro 2 <\/a>wurden hier noch zwei verbaut, was dazu f\u00fchrt, dass sich die Ladeleistung der H\u00fclle allein verringert hat. In der Praxis hei\u00dft dies, dass die AirPods Pro 3 selbst mit ANC 8 Stunden durchhalten, mit Nachladen im Case aber nur 24 Stunden zusammenkommen \u2013 und nicht 30 wie bei den AirPods Pro 2. Ein Akkutausch sowohl im Case als insbesondere bei den AirPods gilt als \u00e4u\u00dferst schwierig und wird im Handel sehr selten angeboten \u2013 Apple selbst tauscht einfach die Hardware, geht der Akku \u00fcber den Jordan.<\/p>\n<p>D\u00fcnne Schaumstoffschicht<\/p>\n<p>Intern in der Ladeh\u00fclle wurde die Positionierung der Magnete ver\u00e4ndert, von denen es auch weniger gibt. Einen mechanischen Schalter verbaut Apple nicht mehr. Die verbesserten Ohrpolster (Foam Tips) enthalten eine leidlich d\u00fcnne Schaumschicht. Diese soll dabei helfen, die Isolierung von der Au\u00dfenwelt zu verbessern.<\/p>\n<p>Alles in allem sind weder die AirPods selbst noch die Ladeh\u00fclle f\u00fcr eine einfache Reparatur konzipiert. Warum dies Apple im Jahr 2025 noch so handhabt, wei\u00df nur der Konzern selbst. Auch das Case ist vollverklebt und kann nur mit sehr viel M\u00fche ge\u00f6ffnet werden \u2013 dies kratzerfrei zu schaffen, br\u00e4uchte schon Chirurgenh\u00e4nde. Die AirPods Pro 3 sind f\u00fcr 249 Euro im Handel erh\u00e4ltlich.<\/p>\n<p>(<a class=\"redakteurskuerzel__link\" href=\"https:\/\/www.heise.de\/news\/mailto:bsc@heise.de\" title=\"Ben Schwan\" target=\"_blank\" rel=\"noopener\">bsc<\/a>)<\/p>\n<p>\n      Dieser Link ist leider nicht mehr g\u00fcltig.\n    <\/p>\n<p>Links zu verschenkten Artikeln werden ung\u00fcltig,<br \/>\n      wenn diese \u00e4lter als 7\u00a0Tage sind oder zu oft aufgerufen wurden.\n    <\/p>\n<p><strong>Sie ben\u00f6tigen ein heise+ Paket, um diesen Artikel zu lesen. Jetzt eine Woche unverbindlich testen \u2013 ohne Verpflichtung!<\/strong><\/p>\n","protected":false},"excerpt":{"rendered":"close notice This article is also available in English. It was translated with technical assistance and editorially reviewed&hellip;\n","protected":false},"author":2,"featured_media":469179,"comment_status":"","ping_status":"","sticky":false,"template":"","format":"standard","meta":{"footnotes":""},"categories":[135],"tags":[74697,108176,231,29,214,30,119714,1273,5087,49695,119713,190,189,194,191,193,192,27380],"class_list":{"0":"post-469178","1":"post","2":"type-post","3":"status-publish","4":"format-standard","5":"has-post-thumbnail","7":"category-wissenschaft-technik","8":"tag-airpods","9":"tag-airpods-pro-3","10":"tag-apple","11":"tag-deutschland","12":"tag-entertainment","13":"tag-germany","14":"tag-ifixit","15":"tag-mobiles","16":"tag-reparatur","17":"tag-reparierbarkeit","18":"tag-right-to-repair","19":"tag-science","20":"tag-science-technology","21":"tag-technik","22":"tag-technology","23":"tag-wissenschaft","24":"tag-wissenschaft-technik","25":"tag-zubehoer"},"share_on_mastodon":{"url":"https:\/\/pubeurope.com\/@de\/115308484681637822","error":""},"_links":{"self":[{"href":"https:\/\/www.europesays.com\/de\/wp-json\/wp\/v2\/posts\/469178","targetHints":{"allow":["GET"]}}],"collection":[{"href":"https:\/\/www.europesays.com\/de\/wp-json\/wp\/v2\/posts"}],"about":[{"href":"https:\/\/www.europesays.com\/de\/wp-json\/wp\/v2\/types\/post"}],"author":[{"embeddable":true,"href":"https:\/\/www.europesays.com\/de\/wp-json\/wp\/v2\/users\/2"}],"replies":[{"embeddable":true,"href":"https:\/\/www.europesays.com\/de\/wp-json\/wp\/v2\/comments?post=469178"}],"version-history":[{"count":0,"href":"https:\/\/www.europesays.com\/de\/wp-json\/wp\/v2\/posts\/469178\/revisions"}],"wp:featuredmedia":[{"embeddable":true,"href":"https:\/\/www.europesays.com\/de\/wp-json\/wp\/v2\/media\/469179"}],"wp:attachment":[{"href":"https:\/\/www.europesays.com\/de\/wp-json\/wp\/v2\/media?parent=469178"}],"wp:term":[{"taxonomy":"category","embeddable":true,"href":"https:\/\/www.europesays.com\/de\/wp-json\/wp\/v2\/categories?post=469178"},{"taxonomy":"post_tag","embeddable":true,"href":"https:\/\/www.europesays.com\/de\/wp-json\/wp\/v2\/tags?post=469178"}],"curies":[{"name":"wp","href":"https:\/\/api.w.org\/{rel}","templated":true}]}}