{"id":469222,"date":"2025-10-03T05:25:11","date_gmt":"2025-10-03T05:25:11","guid":{"rendered":"https:\/\/www.europesays.com\/de\/469222\/"},"modified":"2025-10-03T05:25:11","modified_gmt":"2025-10-03T05:25:11","slug":"nordrhein-westfalen-gefaehrliche-substanz-polizeiwache-in-witten-abgesperrt","status":"publish","type":"post","link":"https:\/\/www.europesays.com\/de\/469222\/","title":{"rendered":"Nordrhein-Westfalen: Gef\u00e4hrliche Substanz? Polizeiwache in Witten abgesperrt"},"content":{"rendered":"<p>                    Nordrhein-Westfalen<br \/>\n                Gef\u00e4hrliche Substanz? Polizeiwache in Witten abgesperrt<\/p>\n<p>\t\t\t\t              02.10.2025, 19:43 Uhr<\/p>\n<p><strong>Ein B\u00fcrger gibt einen verd\u00e4chtigen Briefumschlag bei der Polizei ab. Kurz darauf wird die Feuerwehr alarmiert.<\/strong><\/p>\n<p>Witten (dpa\/lnw) &#8211; Ein Briefumschlag mit unbekanntem Inhalt hat in Witten zu einem gr\u00f6\u00dferen Einsatz der Feuerwehr gef\u00fchrt. Die Polizeiwache der Stadt wurde vor\u00fcbergehend abgesperrt, wie ein Sprecher der Feuerwehr mitteilte. Zuvor hatte ein B\u00fcrger dort einen Brief abgegeben, den er per Post erhalten hatte. Im Umschlag befand sich ein T\u00fctchen mit einer Substanz, die sich wie Pulver angef\u00fchlt haben soll. Daraufhin wurde die Feuerwehr alarmiert.\u00a0<\/p>\n<p>Knapp 20 Einsatzkr\u00e4fte sicherten den Bereich um die Polizeiwache herum gro\u00dfr\u00e4umig ab und gaben schlie\u00dflich Entwarnung, wie der Sprecher sagte. Es habe sich herausgestellt, dass das T\u00fctchen verschlossen und kein Pulver oder \u00c4hnliches ausgetreten war. Der Umschlag sei der Polizei zur \u00dcberpr\u00fcfung \u00fcbergeben worden. Ob der Inhalt gef\u00e4hrlich ist, ist bislang nicht bekannt. Verletzte gab es keine.<\/p>\n","protected":false},"excerpt":{"rendered":"Nordrhein-Westfalen Gef\u00e4hrliche Substanz? Polizeiwache in Witten abgesperrt 02.10.2025, 19:43 Uhr Ein B\u00fcrger gibt einen verd\u00e4chtigen Briefumschlag bei der&hellip;\n","protected":false},"author":2,"featured_media":469223,"comment_status":"","ping_status":"","sticky":false,"template":"","format":"standard","meta":{"footnotes":""},"categories":[1839],"tags":[7507,3364,29,51557,30,1209,19467,71596,22004],"class_list":{"0":"post-469222","1":"post","2":"type-post","3":"status-publish","4":"format-standard","5":"has-post-thumbnail","7":"category-bochum","8":"tag-bochum","9":"tag-de","10":"tag-deutschland","11":"tag-gefaehrliche","12":"tag-germany","13":"tag-nordrhein-westfalen","14":"tag-polizeiwache","15":"tag-substanz","16":"tag-witten"},"share_on_mastodon":{"url":"https:\/\/pubeurope.com\/@de\/115308575354266479","error":""},"_links":{"self":[{"href":"https:\/\/www.europesays.com\/de\/wp-json\/wp\/v2\/posts\/469222","targetHints":{"allow":["GET"]}}],"collection":[{"href":"https:\/\/www.europesays.com\/de\/wp-json\/wp\/v2\/posts"}],"about":[{"href":"https:\/\/www.europesays.com\/de\/wp-json\/wp\/v2\/types\/post"}],"author":[{"embeddable":true,"href":"https:\/\/www.europesays.com\/de\/wp-json\/wp\/v2\/users\/2"}],"replies":[{"embeddable":true,"href":"https:\/\/www.europesays.com\/de\/wp-json\/wp\/v2\/comments?post=469222"}],"version-history":[{"count":0,"href":"https:\/\/www.europesays.com\/de\/wp-json\/wp\/v2\/posts\/469222\/revisions"}],"wp:featuredmedia":[{"embeddable":true,"href":"https:\/\/www.europesays.com\/de\/wp-json\/wp\/v2\/media\/469223"}],"wp:attachment":[{"href":"https:\/\/www.europesays.com\/de\/wp-json\/wp\/v2\/media?parent=469222"}],"wp:term":[{"taxonomy":"category","embeddable":true,"href":"https:\/\/www.europesays.com\/de\/wp-json\/wp\/v2\/categories?post=469222"},{"taxonomy":"post_tag","embeddable":true,"href":"https:\/\/www.europesays.com\/de\/wp-json\/wp\/v2\/tags?post=469222"}],"curies":[{"name":"wp","href":"https:\/\/api.w.org\/{rel}","templated":true}]}}