{"id":469483,"date":"2025-10-03T07:46:15","date_gmt":"2025-10-03T07:46:15","guid":{"rendered":"https:\/\/www.europesays.com\/de\/469483\/"},"modified":"2025-10-03T07:46:15","modified_gmt":"2025-10-03T07:46:15","slug":"parlamentswahl-tschechien-waehlt-ein-neues-parlament","status":"publish","type":"post","link":"https:\/\/www.europesays.com\/de\/469483\/","title":{"rendered":"Parlamentswahl: Tschechien w\u00e4hlt ein neues Parlament"},"content":{"rendered":"<p class=\"paragraph article__item\">In <a class=\"rtr-entity\" href=\"https:\/\/www.zeit.de\/thema\/tschechien\" target=\"_blank\" rel=\"noopener\">Tschechien<\/a><br \/>\nbeginnt die zweit\u00e4gige Parlamentswahl. Mehr als acht Millionen Menschen sind zur Wahl aufgerufen.\u00a0Die Wahllokale sind am heutigen Freitag von 14 Uhr bis 22 Uhr ge\u00f6ffnet, am Samstag bis 14 Uhr. Erstmals ist auch die Briefwahl f\u00fcr im Ausland lebende Tschechinnen und Tschechen m\u00f6glich.\u00a0\n<\/p>\n<p class=\"paragraph article__item\">Die besten<br \/>\n Aussichten hat den Umfragen zufolge die <a href=\"https:\/\/www.zeit.de\/politik\/ausland\/2024-09\/tschechien-regionalwahlen-oppositionspartei-ano-gewinnt\" class=\"\" target=\"_blank\" rel=\"noopener\">Partei ANO<\/a>\u00a0des populistischen<br \/>\nfr\u00fcheren <a href=\"https:\/\/www.zeit.de\/politik\/ausland\/2023-01\/praesidentschaftswahl-in-tschechien-petr-pavel-nato-andrej-babi\" class=\"\" target=\"_blank\" rel=\"noopener\">Regierungschefs Andrej Babi\u0161<\/a>.\u00a0Die Partei kam zuletzt in einer Umfrage der Agentur STEM auf 29,3<br \/>\nProzent der Stimmen. Das liberalkonservative B\u00fcndnis Spolu des amtierenden\u00a0<a href=\"https:\/\/www.zeit.de\/politik\/ausland\/2023-01\/praesidenten-stichwahl-tschechien-petr-pavel\" class=\"\" target=\"_blank\" rel=\"noopener\">Regierungschefs Petr Fiala<\/a> w\u00fcrde auf 20,5 Prozent abst\u00fcrzen.\u00a0Der Wahlsieger wird wahrscheinlich auf Koalitionspartner<br \/>\nangewiesen sein.\u00a0\n<\/p>\n<p class=\"paragraph article__item\">Tschechien ist bislang<br \/>\nein entschlossener Verb\u00fcndeter der <a class=\"rtr-entity\" href=\"https:\/\/www.zeit.de\/politik\/ausland\/ukraine-krieg-news-liveblog\" target=\"_blank\" rel=\"noopener\">Ukraine<\/a>. Unter einer von Babi\u0161 gef\u00fchrten Regierung k\u00f6nnte Tschechien sich in dieser Frage den russlandnahen Nachbarl\u00e4ndern Slowakei und Ungarn ann\u00e4hern.\n<\/p>\n<p>        Babi\u0161 will Ende der Waffenlieferungen an Ukraine        <\/p>\n<p class=\"paragraph article__item\">Im Wahlkampf hatte Fialas Vierparteienkoalition<br \/>\n ihre Unterst\u00fctzung f\u00fcr die Ukraine und ihre Pl\u00e4ne f\u00fcr eine st\u00e4rkere<br \/>\nArmee hervorgehoben. &#8222;W\u00e4hlt Freiheit! W\u00e4hlt Sicherheit!&#8220;, lautete ihr Slogan. <a href=\"https:\/\/www.zeit.de\/politik\/ausland\/2023-01\/andrej-babis-tschechien-wahl-freispruch\" class=\"\" target=\"_blank\" rel=\"noopener\">Babi\u0161<\/a>\u00a0hielt der Regierung dagegen vor,<br \/>\nPanikmache zu betreiben. &#8222;Ich wei\u00df nicht, aus welcher Richtung die<br \/>\nrussischen Panzer kommen sollten&#8220;, sagte er und forderte ein Ende der<br \/>\nWaffenlieferungen an die Ukraine.\u00a0\n<\/p>\n<p class=\"paragraph article__item\">ANO steht f\u00fcr akce nespokojen\u00fdch ob\u010dan\u016f, was so viel wie &#8222;Aktion unzufriedener B\u00fcrger&#8220; bedeutet. Die populistische Partei\u00a0kooperiert auf EU-Ebene in dem Rechtsau\u00dfen-B\u00fcndnis mit der<br \/>\n ungarischen Fidesz und der \u00f6sterreichischen FP\u00d6.\u00a0<\/p>\n","protected":false},"excerpt":{"rendered":"In Tschechien beginnt die zweit\u00e4gige Parlamentswahl. Mehr als acht Millionen Menschen sind zur Wahl aufgerufen.\u00a0Die Wahllokale sind am&hellip;\n","protected":false},"author":2,"featured_media":469484,"comment_status":"","ping_status":"","sticky":false,"template":"","format":"standard","meta":{"footnotes":""},"categories":[5],"tags":[13,1435,14,15,10565,853,16,12,10,8,9,11,12475,10134],"class_list":{"0":"post-469483","1":"post","2":"type-post","3":"status-publish","4":"format-standard","5":"has-post-thumbnail","7":"category-nachrichten","8":"tag-headlines","9":"tag-krieg-in-der-ukraine","10":"tag-nachrichten","11":"tag-news","12":"tag-parlament","13":"tag-parlamentswahl","14":"tag-politik","15":"tag-schlagzeilen","16":"tag-top-news","17":"tag-top-meldungen","18":"tag-topmeldungen","19":"tag-topnews","20":"tag-tschechien","21":"tag-waffenlieferung"},"share_on_mastodon":{"url":"https:\/\/pubeurope.com\/@de\/115309129821794164","error":""},"_links":{"self":[{"href":"https:\/\/www.europesays.com\/de\/wp-json\/wp\/v2\/posts\/469483","targetHints":{"allow":["GET"]}}],"collection":[{"href":"https:\/\/www.europesays.com\/de\/wp-json\/wp\/v2\/posts"}],"about":[{"href":"https:\/\/www.europesays.com\/de\/wp-json\/wp\/v2\/types\/post"}],"author":[{"embeddable":true,"href":"https:\/\/www.europesays.com\/de\/wp-json\/wp\/v2\/users\/2"}],"replies":[{"embeddable":true,"href":"https:\/\/www.europesays.com\/de\/wp-json\/wp\/v2\/comments?post=469483"}],"version-history":[{"count":0,"href":"https:\/\/www.europesays.com\/de\/wp-json\/wp\/v2\/posts\/469483\/revisions"}],"wp:featuredmedia":[{"embeddable":true,"href":"https:\/\/www.europesays.com\/de\/wp-json\/wp\/v2\/media\/469484"}],"wp:attachment":[{"href":"https:\/\/www.europesays.com\/de\/wp-json\/wp\/v2\/media?parent=469483"}],"wp:term":[{"taxonomy":"category","embeddable":true,"href":"https:\/\/www.europesays.com\/de\/wp-json\/wp\/v2\/categories?post=469483"},{"taxonomy":"post_tag","embeddable":true,"href":"https:\/\/www.europesays.com\/de\/wp-json\/wp\/v2\/tags?post=469483"}],"curies":[{"name":"wp","href":"https:\/\/api.w.org\/{rel}","templated":true}]}}