{"id":469515,"date":"2025-10-03T08:03:15","date_gmt":"2025-10-03T08:03:15","guid":{"rendered":"https:\/\/www.europesays.com\/de\/469515\/"},"modified":"2025-10-03T08:03:15","modified_gmt":"2025-10-03T08:03:15","slug":"so-geht-es-bei-bia-aus-solingen-weiter","status":"publish","type":"post","link":"https:\/\/www.europesays.com\/de\/469515\/","title":{"rendered":"So geht es bei BIA aus Solingen weiter"},"content":{"rendered":"<p class=\"Textstyled__Text-sc-1cqv9mi-0 cLyiiX\">Solingen. Eines der gr\u00f6\u00dften Solinger Unternehmen stellt die Weichen f\u00fcr die Zukunft: BIA hat zwei neue Gesch\u00e4ftsf\u00fchrer. Wie das Unternehmen von der Lotharstra\u00dfe mitteilt, sind Dr. Felix Heinzler und Jonas P\u00fcttbach entsprechend aufger\u00fcckt.<\/p>\n<p>Weiterlesen nach der Anzeige<\/p>\n<p>Weiterlesen nach der Anzeige<\/p>\n<p class=\"Textstyled__Text-sc-1cqv9mi-0 cLyiiX\">Bei der BIA Kunststoff- und Galvanotechnik GmbH &amp; Co. KG bekenne sich damit die Eigent\u00fcmerfamilie fest zum Unternehmen, sagt Inhaber J\u00f6rg P\u00fcttbach: Der 31-j\u00e4hrige Jonas P\u00fcttbach ist sein Sohn.<\/p>\n<p class=\"Textstyled__Text-sc-1cqv9mi-0 cLyiiX\">Er war bis vor kurzem Werksleiter des mexikanischen BIA-Werks. Der 41-j\u00e4hrige Heinzler leitet seit elf Jahren den Bereich Entwicklung und Prozesstechnik.<\/p>\n<blockquote><p>Das ist ein wichtiges Signal nach innen und au\u00dfen.<\/p><\/blockquote>\n<p class=\"Quotestyled__Author-sc-q277fq-1 hfNZxo\">J\u00f6rg P\u00fcttbach<\/p>\n<p class=\"Quotestyled__AuthorDescription-sc-q277fq-2 kncpVQ\">Inhaber und Gesch\u00e4ftsf\u00fchrer<\/p>\n<p>Weiterlesen nach der Anzeige<\/p>\n<p>Weiterlesen nach der Anzeige<\/p>\n<p class=\"Textstyled__Text-sc-1cqv9mi-0 cLyiiX\">Insbesondere in schwierigen Zeiten sei es wichtig, Klarheit in der Unternehmensf\u00fchrung zu schaffen, sagt J\u00f6rg P\u00fcttbach. Er wird im November 60 Jahre alt. Der Generationenwechsel sei nun eingeleitet: \u201eDas ist ein wichtiges Signal nach innen und au\u00dfen. Ich bin beiden sehr dankbar, dass sie gerade jetzt bereit sind, Verantwortung zu \u00fcbernehmen.\u201c<\/p>\n<p class=\"Textstyled__Text-sc-1cqv9mi-0 cLyiiX\">Dass J\u00f6rg P\u00fcttbach die Nachfolge bereits geregelt hat, hat das ST erst vor kurzem berichtet. Der Gesch\u00e4ftsf\u00fchrer hatte betont, dass mit 600 Mitarbeitern und den aktuellen Gesch\u00e4ftsfeldern eine stabile Gr\u00f6\u00dfe erreicht sei, \u201emit der wir erst mal zurechtkommen m\u00fcssen, werden und k\u00f6nnen\u201c. Die BIA-Gruppe hatte einst mehr als 1000 Mitarbeiter.<\/p>\n<p>BIA strebt neue M\u00e4rkte an<\/p>\n<p class=\"Textstyled__Text-sc-1cqv9mi-0 cLyiiX\">Der Chef des Automobilzulieferers hatte davon berichtet, dass die Chancen im Markt aktuell wieder steigen w\u00fcrden \u2013 sich die Gruppe aber auch weitere Gesch\u00e4ftsfelder gesucht habe: \u201eWir haben irgendwann gesagt, Automotive alleine kann es nicht sein.\u201c<\/p>\n<p class=\"Textstyled__Text-sc-1cqv9mi-0 cLyiiX\">Die Solinger sind deshalb inzwischen auch mit sogenannter Wei\u00dfer Ware, Haushalts- und K\u00fcchenger\u00e4te, sowie im Sanit\u00e4r- und Heizungsbereich aktiv.<\/p>\n<p>Weiterlesen nach der Anzeige<\/p>\n<p>Weiterlesen nach der Anzeige<\/p>\n<p>Ein Einstieg als Bekenntnis<\/p>\n<p class=\"Textstyled__Text-sc-1cqv9mi-0 cLyiiX\">Dr. Felix Heinzler soll zu seinem bisherigen Bereich in der Gesch\u00e4ftsf\u00fchrung auch f\u00fcr Einkauf, Vertrieb und Projektmanagement verantwortlich zeichnen. Er ist promovierter Maschinen- und Anlagenbau-Ingenieur.<\/p>\n<p class=\"Textstyled__Text-sc-1cqv9mi-0 cLyiiX\">Jonas P\u00fcttbach soll als Gesch\u00e4ftsf\u00fchrer seine Auslandserfahrungen in BIA-Werken in der Produktion in Solingen und bei der Betreuung der Werke einbringen: \u201eIn der Produktion werden wir weiterhin auf Automatisierung setzen, um effizienter zu werden.\u201c<\/p>\n<p class=\"Textstyled__Text-sc-1cqv9mi-0 cLyiiX\">Sein Einstieg solle untermauern, \u201edass ich fest daran glaube, dass BIA diese schwierigen Zeiten \u00fcberstehen kann\u201c.<\/p>\n<p class=\"Editorialstyled__Editorial-sc-5u8rgl-0 cBUuy\">ST<\/p>\n","protected":false},"excerpt":{"rendered":"Solingen. Eines der gr\u00f6\u00dften Solinger Unternehmen stellt die Weichen f\u00fcr die Zukunft: BIA hat zwei neue Gesch\u00e4ftsf\u00fchrer. Wie&hellip;\n","protected":false},"author":2,"featured_media":469516,"comment_status":"","ping_status":"","sticky":false,"template":"","format":"standard","meta":{"footnotes":""},"categories":[1840],"tags":[3364,29,30,1209,4418],"class_list":{"0":"post-469515","1":"post","2":"type-post","3":"status-publish","4":"format-standard","5":"has-post-thumbnail","7":"category-wuppertal","8":"tag-de","9":"tag-deutschland","10":"tag-germany","11":"tag-nordrhein-westfalen","12":"tag-wuppertal"},"share_on_mastodon":{"url":"https:\/\/pubeurope.com\/@de\/115309196287085604","error":""},"_links":{"self":[{"href":"https:\/\/www.europesays.com\/de\/wp-json\/wp\/v2\/posts\/469515","targetHints":{"allow":["GET"]}}],"collection":[{"href":"https:\/\/www.europesays.com\/de\/wp-json\/wp\/v2\/posts"}],"about":[{"href":"https:\/\/www.europesays.com\/de\/wp-json\/wp\/v2\/types\/post"}],"author":[{"embeddable":true,"href":"https:\/\/www.europesays.com\/de\/wp-json\/wp\/v2\/users\/2"}],"replies":[{"embeddable":true,"href":"https:\/\/www.europesays.com\/de\/wp-json\/wp\/v2\/comments?post=469515"}],"version-history":[{"count":0,"href":"https:\/\/www.europesays.com\/de\/wp-json\/wp\/v2\/posts\/469515\/revisions"}],"wp:featuredmedia":[{"embeddable":true,"href":"https:\/\/www.europesays.com\/de\/wp-json\/wp\/v2\/media\/469516"}],"wp:attachment":[{"href":"https:\/\/www.europesays.com\/de\/wp-json\/wp\/v2\/media?parent=469515"}],"wp:term":[{"taxonomy":"category","embeddable":true,"href":"https:\/\/www.europesays.com\/de\/wp-json\/wp\/v2\/categories?post=469515"},{"taxonomy":"post_tag","embeddable":true,"href":"https:\/\/www.europesays.com\/de\/wp-json\/wp\/v2\/tags?post=469515"}],"curies":[{"name":"wp","href":"https:\/\/api.w.org\/{rel}","templated":true}]}}