{"id":469525,"date":"2025-10-03T08:08:10","date_gmt":"2025-10-03T08:08:10","guid":{"rendered":"https:\/\/www.europesays.com\/de\/469525\/"},"modified":"2025-10-03T08:08:10","modified_gmt":"2025-10-03T08:08:10","slug":"putin-warnt-usa-vor-tomahawk-lieferung-an-die-ukraine-dw-03-10-2025","status":"publish","type":"post","link":"https:\/\/www.europesays.com\/de\/469525\/","title":{"rendered":"Putin warnt USA vor Tomahawk-Lieferung an die Ukraine \u2013 DW \u2013 03.10.2025"},"content":{"rendered":"<p>Kremlchef <a class=\"internal-link\" href=\"https:\/\/www.dw.com\/de\/wladimir-putin\/t-17289915\" rel=\"nofollow noopener\" target=\"_blank\">Wladimir Putin<\/a> hat die <a class=\"internal-link\" href=\"https:\/\/www.dw.com\/de\/usa-vereinigte-staaten-amerika\/t-17286012\" rel=\"nofollow noopener\" target=\"_blank\">USA<\/a> vor einer drastischen Versch\u00e4rfung des <a class=\"internal-link\" href=\"https:\/\/www.dw.com\/de\/ukraine-krieg\/t-60978725\" rel=\"nofollow noopener\" target=\"_blank\">Ukraine-Kriegs<\/a> gewarnt, sollte die Regierung in Washington der <a class=\"internal-link\" href=\"https:\/\/www.dw.com\/de\/ukraine\/t-17292877\" rel=\"nofollow noopener\" target=\"_blank\">Ukraine<\/a> weitreichende Tomahawk-Raketen liefern. Der Einsatz solcher Waffen sei nicht ohne Beteiligung von US-Milit\u00e4rs m\u00f6glich, sagte der russische Pr\u00e4sident auf dem Waldai-Forum in Sotschi. &#8222;Das ist gef\u00e4hrlich.&#8220;<\/p>\n<p>Zwar werde sich das Kr\u00e4fteverh\u00e4ltnis auf dem Schlachtfeld nicht entscheidend ver\u00e4ndern. Doch k\u00f6nnten die Waffen die Beziehungen zwischen Moskau und Washington schwer belasten und eine &#8222;absolut neue, qualitativ neue Etappe der Eskalation&#8220; einleiten.<\/p>\n<p>Putin: NATO k\u00e4mpft fast geschlossen gegen Russland<\/p>\n<p>Der ukrainische Pr\u00e4sident <a class=\"internal-link\" href=\"https:\/\/www.dw.com\/de\/wolodymyr-selenskyj\/t-48449478\" rel=\"nofollow noopener\" target=\"_blank\">Wolodymyr Selenskyj<\/a> best\u00e4tigte Gespr\u00e4che mit US-Pr\u00e4sident <a class=\"internal-link\" href=\"https:\/\/www.dw.com\/de\/donald-trump\/t-18901598\" rel=\"nofollow noopener\" target=\"_blank\">Donald Trump<\/a> \u00fcber m\u00f6gliche Lieferungen. Tomahawks w\u00fcrden die F\u00e4higkeit der Ukraine, Ziele tief im russischen Hinterland anzugreifen erheblich erweitern &#8211; darunter Milit\u00e4rbasen, Flugpl\u00e4tze und Logistikzentren. Eine endg\u00fcltige Entscheidung der USA steht jedoch aus.<\/p>\n<p>Kreml-Chef Putin warnte, <a class=\"internal-link\" href=\"https:\/\/www.dw.com\/de\/russland\/t-17284476\" rel=\"nofollow noopener\" target=\"_blank\">Russland<\/a> werde auf westliche Provokationen umgehend reagieren. &#8222;Wenn jemand den Wunsch hat, sich mit Russland milit\u00e4risch zu messen, dann soll er es versuchen &#8211; unsere Gegenma\u00dfnahmen werden nicht lange auf sich warten lassen.&#8220; Zugleich warf er der <a class=\"internal-link\" href=\"https:\/\/www.dw.com\/de\/nato\/t-17339192\" rel=\"nofollow noopener\" target=\"_blank\">NATO<\/a> vor, faktisch fast geschlossen gegen Russland zu k\u00e4mpfen.<\/p>\n<p>Tomahawk-Raketen: Ukraine fordert US-Waffenhilfe<video id=\"video-74222055\" controls=\"\" playsinline=\"\" preload=\"none\" poster=\"data:image\/png;base64,iVBORw0KGgoAAAANSUhEUgAAAAEAAAABCAQAAAC1HAwCAAAAC0lEQVR42mNkYAAAAAYAAjCB0C8AAAAASUVORK5CYII=\" data-id=\"74222055\" data-posterurl=\"https:\/\/static.dw.com\/image\/74167720_605.webp\" data-duration=\"03:38\"><\/p>\n<p class=\"vjs-no-js\">To view this video please enable JavaScript, and consider upgrading to a web browser that <a href=\"https:\/\/videojs.com\/html5-video-support\/\" target=\"_blank\" rel=\"nofollow noopener\">supports HTML5 video<\/a><\/p>\n<p><\/video><\/p>\n<p>Auf \u00c4u\u00dferungen Trumps, Russland sei ein &#8222;Papiertiger&#8220;, reagierte Putin mit Spott: &#8222;Wenn wir mit dem gesamten NATO-Block k\u00e4mpfen, uns bewegen, vorr\u00fccken und uns zuversichtlich f\u00fchlen, und wir ein &#8218;Papiertiger&#8216; sind, was ist dann die NATO selbst?&#8220;<\/p>\n<p>Trump hatte zuletzt seine <a class=\"internal-link\" href=\"https:\/\/www.dw.com\/de\/ukraine-krieg-usa-russland-putin-wolodymyr-selenskyj-begrue\u00dft-donald-trumps-kehrtwende-v1\/a-74116641\" rel=\"nofollow noopener\" target=\"_blank\">Unterst\u00fctzung f\u00fcr die Ukraine verst\u00e4rkt<\/a>. W\u00e4hrend er fr\u00fcher Gebietsabtretungen f\u00fcr einen Frieden ins Spiel gebracht hatte, erkl\u00e4rte er nun, die Ukraine k\u00f6nne &#8222;mit Zeit, Geduld und der finanziellen Unterst\u00fctzung Europas und vor allem der NATO&#8220; ihr gesamtes Territorium zur\u00fcckerobern. Russlands Kriegsf\u00fchrung bezeichnete er als &#8222;ziellos&#8220;.\u00a0Eine echte Milit\u00e4rmacht, do der US-Pr\u00e4sident, h\u00e4tte den Krieg binnen einer Woche gewonnen &#8211; ein Argument f\u00fcr das Bild des &#8222;Papiertigers&#8220;.<\/p>\n<p>Frankreich stoppt vermeintliches Schiff der russischen &#8222;Schattenflotte&#8220;<\/p>\n<p>Auch <a class=\"internal-link\" href=\"https:\/\/www.dw.com\/de\/frankreich\/t-17518447\" rel=\"nofollow noopener\" target=\"_blank\">Frankreich<\/a> geriet in Sotschi ins Visier von Wladimir Putin. Nach der <a class=\"internal-link\" href=\"https:\/\/www.dw.com\/de\/schattenflotten-tanker-soll-in-drohnenfl\u00fcge-involviert-sein\/a-74214273\" rel=\"nofollow noopener\" target=\"_blank\">Festsetzung<\/a> eines mutma\u00dflich zur &#8222;russischen Schattenflotte&#8220; geh\u00f6renden \u00d6ltankers durch franz\u00f6sische Streitkr\u00e4fte sprach der russische Pr\u00e4sident von &#8222;Piraterie&#8220; und drohte mit Vergeltung. &#8222;Der Tanker ist in neutralen Gew\u00e4ssern ohne jegliche Rechtfertigung beschlagnahmt worden&#8220;, sagte er. An Bord habe sich keine milit\u00e4rische Fracht befunden.<\/p>\n<p>Westliche Angaben zufolge k\u00f6nnte das Schiff im Zusammenhang mit Drohnen\u00fcberfl\u00fcgen \u00fcber <a class=\"internal-link\" href=\"https:\/\/www.dw.com\/de\/d\u00e4nemark\/t-18506995\" rel=\"nofollow noopener\" target=\"_blank\">D\u00e4nemark<\/a> stehen. Putin wies eine direkte Verbindung zu Russland zur\u00fcck und betonte, der Tanker fahre unter fremder Flagge mit internationaler Besatzung. Franz\u00f6sische Soldaten h\u00e4tten offenbar nach &#8222;Milit\u00e4rg\u00fctern, Drohnen oder so etwas&#8220; gesucht &#8211; vergeblich, so Putin.<\/p>\n<p><img data-format=\"MASTER_LANDSCAPE\" data-id=\"74211267\" data-url=\"https:\/\/static.dw.com\/image\/74211267_${formatId}.jpg\" data-aspect-ratio=\"16\/9\" alt=\"Luftaufnahme des von Frankreich festgesetzten Tankers\" style=\"padding-bottom: 56.25%; height: 0; max-height: 0;\"\/>Der von Frankreich festgesetzte Tanker: Wurden von hier Drohnen \u00fcber D\u00e4nemark gestartet?Bild: Damien Meyer\/AFP\/Getty Images<\/p>\n<p>Frankreichs Pr\u00e4sident <a class=\"internal-link\" href=\"https:\/\/www.dw.com\/de\/emmanuel-macron\/t-38664576\" rel=\"nofollow noopener\" target=\"_blank\">Emmanuel Macron<\/a> hatte zuvor gefordert, Europa m\u00fcsse h\u00e4rter dagegen\u00a0 vorgehen, dass Russland Sanktionen umgeht. Besonders \u00e4ltere Tanker unter fremder Flagge, die f\u00fcr russische \u00d6lexporte genutzt w\u00fcrden, sollten gestoppt werden.<\/p>\n<p>&#8222;Wir beobachten die zunehmende Militarisierung Europas sehr genau&#8220;, sagte Putin dazu. Die Antwort Russlands werde &#8222;sehr deutlich&#8220; ausfallen. Die F\u00fchrung in Moskau werde &#8222;niemals Schw\u00e4che oder Unentschlossenheit zeigen&#8220;.<\/p>\n<p>pgr\/AR (dpa, afp, rtr)<\/p>\n","protected":false},"excerpt":{"rendered":"Kremlchef Wladimir Putin hat die USA vor einer drastischen Versch\u00e4rfung des Ukraine-Kriegs gewarnt, sollte die Regierung in Washington&hellip;\n","protected":false},"author":2,"featured_media":469526,"comment_status":"","ping_status":"","sticky":false,"template":"","format":"standard","meta":{"footnotes":""},"categories":[4012],"tags":[331,332,13,14,15,12,317],"class_list":{"0":"post-469525","1":"post","2":"type-post","3":"status-publish","4":"format-standard","5":"has-post-thumbnail","7":"category-ukraine","8":"tag-aktuelle-nachrichten","9":"tag-aktuelle-news","10":"tag-headlines","11":"tag-nachrichten","12":"tag-news","13":"tag-schlagzeilen","14":"tag-ukraine"},"share_on_mastodon":{"url":"https:\/\/pubeurope.com\/@de\/115309215976030345","error":""},"_links":{"self":[{"href":"https:\/\/www.europesays.com\/de\/wp-json\/wp\/v2\/posts\/469525","targetHints":{"allow":["GET"]}}],"collection":[{"href":"https:\/\/www.europesays.com\/de\/wp-json\/wp\/v2\/posts"}],"about":[{"href":"https:\/\/www.europesays.com\/de\/wp-json\/wp\/v2\/types\/post"}],"author":[{"embeddable":true,"href":"https:\/\/www.europesays.com\/de\/wp-json\/wp\/v2\/users\/2"}],"replies":[{"embeddable":true,"href":"https:\/\/www.europesays.com\/de\/wp-json\/wp\/v2\/comments?post=469525"}],"version-history":[{"count":0,"href":"https:\/\/www.europesays.com\/de\/wp-json\/wp\/v2\/posts\/469525\/revisions"}],"wp:featuredmedia":[{"embeddable":true,"href":"https:\/\/www.europesays.com\/de\/wp-json\/wp\/v2\/media\/469526"}],"wp:attachment":[{"href":"https:\/\/www.europesays.com\/de\/wp-json\/wp\/v2\/media?parent=469525"}],"wp:term":[{"taxonomy":"category","embeddable":true,"href":"https:\/\/www.europesays.com\/de\/wp-json\/wp\/v2\/categories?post=469525"},{"taxonomy":"post_tag","embeddable":true,"href":"https:\/\/www.europesays.com\/de\/wp-json\/wp\/v2\/tags?post=469525"}],"curies":[{"name":"wp","href":"https:\/\/api.w.org\/{rel}","templated":true}]}}